{"id":2894,"date":"2017-04-03T03:54:53","date_gmt":"2017-04-03T00:54:53","guid":{"rendered":"http:\/\/www.celikavukatlik.com.tr\/?p=2894"},"modified":"2017-04-03T03:54:53","modified_gmt":"2017-04-03T00:54:53","slug":"kisilerin-konusmalarinin-dinlenmesi-ve-kayda-alinmasi-sucu","status":"publish","type":"post","link":"https:\/\/celikavukatlik.com\/tr\/kisilerin-konusmalarinin-dinlenmesi-ve-kayda-alinmasi-sucu\/","title":{"rendered":"Ki\u015filerin Konu\u015fmalar\u0131n\u0131n Dinlenmesi ve Kayda Al\u0131nmas\u0131 Su\u00e7u"},"content":{"rendered":"\u0130nsan toplumsal bir varl\u0131kt\u0131r ve di\u011fer insanlarla ileti\u015fim kurmak ve konu\u015fmak ihtiyac\u0131 i\u00e7erisindedir. \u0130nsan, s\u00f6zleri \u00fczerinde tasarruf imkan\u0131na sahiptir. S\u00f6zlerinin etki alan\u0131n\u0131, yani s\u00f6zlerinin kimler taraf\u0131ndan duyulaca\u011f\u0131n\u0131, kayda al\u0131n\u0131p al\u0131nmayaca\u011f\u0131n\u0131 belirleme hakk\u0131na sahiptir. Ancak g\u00fcn\u00fcm\u00fczde teknolojinin geli\u015fmesi sebebiyle bu hak s\u0131k\u00e7a ihlal edilebilmektedir. \u0130\u015fte bu nedenle, 5237 say\u0131l\u0131 T\u00fcrk Ceza Kanunu\u2019nun 133. maddesinde ki\u015filer aras\u0131ndaki konu\u015fmalar\u0131n dinlenmesi ve kayda al\u0131nmas\u0131 su\u00e7u d\u00fczenlenmi\u015ftir.\n\n<strong>BU SU\u00c7 KANUNDA NASIL D\u00dcZENLENM\u0130\u015eT\u0130R?<\/strong>\n\n(1) Ki\u015filer aras\u0131ndaki aleni olmayan konu\u015fmalar\u0131, taraflardan herhangi birinin r\u0131zas\u0131 olmaks\u0131z\u0131n bir aletle dinleyen veya bunlar\u0131 bir ses alma cihaz\u0131 ile kaydeden ki\u015fi,iki y\u0131ldan be\u015f y\u0131la kadar hapis cezas\u0131 ile cezaland\u0131r\u0131l\u0131r.\n\n(2) Kat\u0131ld\u0131\u011f\u0131 aleni olmayan bir s\u00f6yle\u015fiyi, di\u011fer konu\u015fanlar\u0131n r\u0131zas\u0131 olmadan ses alma cihaz\u0131 ile kayda alan ki\u015fi, alt\u0131 aydan iki y\u0131la kadar hapis veya adl\u00ee para cezas\u0131 ile cezaland\u0131r\u0131l\u0131r.\n\n(3) Ki\u015filer aras\u0131ndaki aleni olmayan konu\u015fmalar\u0131n kaydedilmesi suretiyle elde edilen verileri hukuka ayk\u0131r\u0131 olarak if\u015fa eden ki\u015fi, iki y\u0131ldan be\u015f y\u0131la kadar hapis ve d\u00f6rt bin\u00a0g\u00fcne kadar adl\u00ee para cezas\u0131 ile cezaland\u0131r\u0131l\u0131r. \u0130f\u015fa edilen bu verilerin bas\u0131n ve yay\u0131n yoluyla yay\u0131mlanmas\u0131 halinde de ayn\u0131 cezaya h\u00fckmolunur.\n\n<strong>ALEN\u0130 KONU\u015eMA NE DEMEKT\u0130R?<\/strong>\n\nAleniyet i\u00e7in temel husus, konu\u015fman\u0131n ki\u015fi ve say\u0131 itibar\u0131 ile belirli olmayan geni\u015f bir \u00e7evreye hitap etmesidir. Konu\u015fma, say\u0131 ve ki\u015fi itibar\u0131 ile belirli bir \u00e7evreye hitap ediyorsa aleni kabul edilmez. Sokakta ,park ve bah\u00e7ede yap\u0131lan ancak misal iki ki\u015fi aras\u0131nda olan konu\u015fmalar da aleni de\u011fildir.\n\n<strong>KORUNAN HUKUK\u0130 MENFAAT NED\u0130R?<\/strong>\n\nKi\u015filer aras\u0131ndaki konu\u015fmalar\u0131n dinlenmesi ve kayda al\u0131nmas\u0131 su\u00e7u ile insanlar aras\u0131ndaki aleni olmayan konu\u015fmalar\u0131n gizlili\u011fi korunmaktad\u0131r. \u0130nsanlar d\u00fc\u015f\u00fcncelerini herhangi bir \u00e7ekince olmadan ifade etme imkan\u0131na sahip olmal\u0131d\u0131rlar. Ki\u015finin d\u00fc\u015f\u00fcncelerini dile getirdi\u011fi konu\u015fmalar\u0131n dinlendi\u011fi ya da kayda al\u0131nd\u0131\u011f\u0131 d\u00fc\u015f\u00fcncesi ki\u015fi \u00fczerinde bask\u0131 olu\u015fturacak ve insanlar\u0131n d\u00fc\u015f\u00fcnce ve fikirlerini ifade etmelerine engel olacakt\u0131r.\n\n<strong>SU\u00c7UN N\u0130TEL\u0130KL\u0130 HAL\u0130 VAR MIDIR?<\/strong>\n\nVerilecek cezan\u0131n artt\u0131r\u0131lmas\u0131n\u0131 \u00f6ng\u00f6ren nitelikli haller mevcuttur. Bunlar TCK madde 177\u2019 de d\u00fczenlenmi\u015ftir. Bunlar;\n<ol>\n \t<li>a) Kamu g\u00f6revlisi taraf\u0131ndan ve g\u00f6revinin verdi\u011fi yetki k\u00f6t\u00fcye kullan\u0131lmak suretiyle,\nb) Belli bir meslek ve sanat\u0131n sa\u011flad\u0131\u011f\u0131 kolayl\u0131ktan yararlanmak suretiyle,\n\u0130\u015flenmesi halinde ger\u00e7ekle\u015fir. Bu durumda verilecek ceza yar\u0131 oran\u0131nda art\u0131r\u0131l\u0131r.<\/li>\n<\/ol>\n<strong>SU\u00c7UN FA\u0130LLER\u0130 K\u0130MLER OLAB\u0130L\u0130R ?<\/strong>\n<ol>\n \t<li>f\u0131krada d\u00fczenlenen \u201cki\u015filer aras\u0131ndaki aleni olmayan konu\u015fmalar\u0131 bir aletle dinleme veya ses alma cihaz\u0131 ile kaydetme\u201d su\u00e7unun faili, konu\u015fman\u0131n taraf\u0131 olmayan \u00fc\u00e7\u00fcnc\u00fc ki\u015fi(ler)dir. Yani konu\u015fman\u0131n taraf\u0131 olan ki\u015filer bu su\u00e7un faili olamazlar.<\/li>\n<\/ol>\n\u0130ki ki\u015fi aras\u0131nda ge\u00e7en konu\u015fman\u0131n taraf\u0131 olan bir ki\u015finin bu konu\u015fmay\u0131 kayda almas\u0131 madde 133 \u00e7er\u00e7evesinde bir su\u00e7 de\u011fil,ancak \u015fartlar\u0131 varsa TCK madde 134\u2019 te d\u00fczenlenmi\u015f \u00f6zel hayat\u0131n gizlili\u011fini ihlal su\u00e7unu olu\u015fturabilir.\n\nAncak 133.maddenin ikinci f\u0131kras\u0131nda d\u00fczenlenen ve kat\u0131ld\u0131\u011f\u0131 aleni olmayan bir s\u00f6yle\u015fiyi ,di\u011fer kat\u0131lanlar\u0131n r\u0131zas\u0131 olmadan kaydeden ki\u015fi bu su\u00e7un faili olabilir. Yani s\u00f6yle\u015fiye kat\u0131lan ki\u015fi ikinci f\u0131krada tan\u0131mlan tipin faili olabilir.\n\n<strong>KONU\u015eMALARIN KAYDININ RIZA \u0130LE ALINMASI SU\u00c7 OLU\u015eTURUR MU?<\/strong>\n\nOlu\u015fturmaz . Zira kanun metninde r\u0131zas\u0131 d\u0131\u015f\u0131nda kayda al\u0131nmas\u0131 denilmektedir.\n\n<strong>D\u0130NLENEN VEYA KAYDA ALINAN KONU\u015eMANIN \u0130\u00c7ER\u0130\u011e\u0130 \u00d6NEM TA\u015eIR MI?<\/strong>\n\nKonu\u015fman\u0131n i\u00e7eri\u011fi ve bu i\u00e7eri\u011fin gizli olup olmamas\u0131 \u00f6nem ta\u015f\u0131maz. Konu\u015fmada \u00f6zel hayata ili\u015fkin bilgiler ge\u00e7ebilece\u011fi gibi ticari veyahut ilk bak\u0131\u015fta \u00f6nemsenmeyecek bir konu\u015fma da olabilir.\n\n<strong>TELEFON KONU\u015eMALARININ KAYDA ALINMASI BU SU\u00c7U OLU\u015eTURUR MU?<\/strong>\n\nTCK\u2019 da ki\u015filer aras\u0131ndaki konu\u015fmalar\u0131n dinlenmesi ve kayda al\u0131nmas\u0131 su\u00e7unun d\u00fczenlendi\u011fi 133. Madden anla\u015f\u0131laca\u011f\u0131 \u00fczere, konu\u015fman\u0131n araya herhangi bir vas\u0131ta konmadan, kar\u015f\u0131l\u0131kl\u0131 ve y\u00fcz y\u00fcze yap\u0131lmas\u0131 gerekti\u011fi sonucuna var\u0131lmaktad\u0131r. Ki\u015filer aras\u0131nda \u00f6rne\u011fin telefon konu\u015fmalar\u0131, internet \u00fczerinden yap\u0131lan sesli ve\/veya g\u00f6r\u00fcnt\u00fcl\u00fc konu\u015fmalar TCK\u2019 ya g\u00f6re\u201ckonu\u015fma\u201d de\u011fil, \u201chaberle\u015fme\u201d olup; ki\u015filer aras\u0131ndaki haberle\u015fmenin gizlili\u011fine m\u00fcdahale edilmesi, haberle\u015fmenin gizlili\u011fini ihlal su\u00e7unu olu\u015fturabilir.\n\n<strong>K\u0130\u015e\u0130N\u0130N KEND\u0130 KEND\u0130NE KONU\u015eMASININ KAYDA ALINMASI BU SU\u00c7U OLU\u015eTURUR MU? <\/strong>\n\nKi\u015finin herhangi birisini muhatap almaks\u0131z\u0131n kendi kendine yapt\u0131\u011f\u0131 konu\u015fmalar ve bunlar\u0131n kayda al\u0131nmas\u0131 bu su\u00e7un konusunu olu\u015fturmaz. Ancak \u015fartlar\u0131 varsa \u00f6zel ya\u015fam\u0131n gizlili\u011fi su\u00e7unu olu\u015fturabilir.\n\n<strong>MAHKEMEDE \u0130DD\u0130A VE SAVUNMADA DEL\u0130L OLARAK KULLANILMAK \u0130\u00c7\u0130N K\u0130\u015e\u0130LER ARASINDAK\u0130 KONU\u015eMALAR KAYIT ALTINA ALINIP \u0130F\u015eA ED\u0130LEB\u0130L\u0130R M\u0130?<\/strong>\n\nBirileri taraf\u0131ndan su\u00e7 \u015f\u00fcphesine binaen delil toplamak amac\u0131yla ki\u015filer aras\u0131nda ge\u00e7en konu\u015fmalar\u0131n gizlice dinlenmesi ve\/veya kayda al\u0131nmas\u0131 m\u00fcmk\u00fcn de\u011fildir; bu yetki sadece CMK\u2019da d\u00fczenlenen ko\u015fullar alt\u0131nda resmi devlet kurumlar\u0131na aittir.","protected":false},"excerpt":{"rendered":"\u0130nsan toplumsal bir varl\u0131kt\u0131r ve di\u011fer insanlarla ileti\u015fim kurmak ve konu\u015fmak ihtiyac\u0131 i\u00e7erisindedir. \u0130nsan, s\u00f6zleri \u00fczerinde tasarruf imkan\u0131na sahiptir. S\u00f6zlerinin etki alan\u0131n\u0131, yani s\u00f6zlerinin kimler taraf\u0131ndan duyulaca\u011f\u0131n\u0131, kayda al\u0131n\u0131p al\u0131nmayaca\u011f\u0131n\u0131 belirleme hakk\u0131na sahiptir. Ancak g\u00fcn\u00fcm\u00fczde teknolojinin geli\u015fmesi sebebiyle bu hak&#8230;","protected":false},"author":1,"featured_media":4882,"comment_status":"open","ping_status":"open","sticky":false,"template":"","format":"standard","meta":{"footnotes":""},"categories":[22],"tags":[],"class_list":["post-2894","post","type-post","status-publish","format-standard","has-post-thumbnail","hentry","category-ceza-hukuku"],"yoast_head":"<!-- This site is optimized with the Yoast SEO plugin v24.3 - https:\/\/yoast.com\/wordpress\/plugins\/seo\/ -->\n<title>Ki\u015filerin Konu\u015fmalar\u0131n\u0131n Dinlenmesi ve Kayda Al\u0131nmas\u0131 Su\u00e7u - \u00c7elik Avukatl\u0131k<\/title>\n<meta name=\"description\" content=\"\u0130nsan toplumsal bir varl\u0131kt\u0131r ve di\u011fer insanlarla ileti\u015fim kurmak ve konu\u015fmak ihtiyac\u0131 i\u00e7erisindedir. \u0130nsan, s\u00f6zleri \u00fczerinde tasarruf imkan\u0131na sahiptir.\" \/>\n<meta name=\"robots\" content=\"index, follow, max-snippet:-1, max-image-preview:large, max-video-preview:-1\" \/>\n<meta property=\"og:locale\" content=\"tr_TR\" \/>\n<meta property=\"og:type\" content=\"article\" \/>\n<meta property=\"og:title\" content=\"Ki\u015filerin Konu\u015fmalar\u0131n\u0131n Dinlenmesi ve Kayda Al\u0131nmas\u0131 Su\u00e7u - \u00c7elik Avukatl\u0131k\" \/>\n<meta property=\"og:description\" content=\"\u0130nsan toplumsal bir varl\u0131kt\u0131r ve di\u011fer insanlarla ileti\u015fim kurmak ve konu\u015fmak ihtiyac\u0131 i\u00e7erisindedir. \u0130nsan, s\u00f6zleri \u00fczerinde tasarruf imkan\u0131na sahiptir.\" \/>\n<meta property=\"og:url\" content=\"https:\/\/celikavukatlik.com\/tr\/kisilerin-konusmalarinin-dinlenmesi-ve-kayda-alinmasi-sucu\/\" \/>\n<meta property=\"og:site_name\" content=\"\u00c7elik Avukatl\u0131k\" \/>\n<meta property=\"article:published_time\" content=\"2017-04-03T00:54:53+00:00\" \/>\n<meta name=\"author\" content=\"admin\" \/>\n<meta name=\"twitter:card\" content=\"summary_large_image\" \/>\n<meta name=\"twitter:label1\" content=\"Yazan:\" \/>\n\t<meta name=\"twitter:data1\" content=\"admin\" \/>\n\t<meta name=\"twitter:label2\" content=\"Tahmini okuma s\u00fcresi\" \/>\n\t<meta name=\"twitter:data2\" content=\"5 dakika\" \/>\n<script type=\"application\/ld+json\" class=\"yoast-schema-graph\">{\"@context\":\"https:\/\/schema.org\",\"@graph\":[{\"@type\":\"WebPage\",\"@id\":\"https:\/\/celikavukatlik.com\/tr\/kisilerin-konusmalarinin-dinlenmesi-ve-kayda-alinmasi-sucu\/\",\"url\":\"https:\/\/celikavukatlik.com\/tr\/kisilerin-konusmalarinin-dinlenmesi-ve-kayda-alinmasi-sucu\/\",\"name\":\"Ki\u015filerin Konu\u015fmalar\u0131n\u0131n Dinlenmesi ve Kayda Al\u0131nmas\u0131 Su\u00e7u - \u00c7elik Avukatl\u0131k\",\"isPartOf\":{\"@id\":\"https:\/\/celikavukatlik.com\/#website\"},\"primaryImageOfPage\":{\"@id\":\"https:\/\/celikavukatlik.com\/tr\/kisilerin-konusmalarinin-dinlenmesi-ve-kayda-alinmasi-sucu\/#primaryimage\"},\"image\":{\"@id\":\"https:\/\/celikavukatlik.com\/tr\/kisilerin-konusmalarinin-dinlenmesi-ve-kayda-alinmasi-sucu\/#primaryimage\"},\"thumbnailUrl\":\"\",\"datePublished\":\"2017-04-03T00:54:53+00:00\",\"dateModified\":\"2017-04-03T00:54:53+00:00\",\"author\":{\"@id\":\"https:\/\/celikavukatlik.com\/#\/schema\/person\/23046b562652cbb6934aef5cc85430b6\"},\"description\":\"\u0130nsan toplumsal bir varl\u0131kt\u0131r ve di\u011fer insanlarla ileti\u015fim kurmak ve konu\u015fmak ihtiyac\u0131 i\u00e7erisindedir. \u0130nsan, s\u00f6zleri \u00fczerinde tasarruf imkan\u0131na sahiptir.\",\"inLanguage\":\"tr\",\"potentialAction\":[{\"@type\":\"ReadAction\",\"target\":[\"https:\/\/celikavukatlik.com\/tr\/kisilerin-konusmalarinin-dinlenmesi-ve-kayda-alinmasi-sucu\/\"]}]},{\"@type\":\"ImageObject\",\"inLanguage\":\"tr\",\"@id\":\"https:\/\/celikavukatlik.com\/tr\/kisilerin-konusmalarinin-dinlenmesi-ve-kayda-alinmasi-sucu\/#primaryimage\",\"url\":\"\",\"contentUrl\":\"\"},{\"@type\":\"WebSite\",\"@id\":\"https:\/\/celikavukatlik.com\/#website\",\"url\":\"https:\/\/celikavukatlik.com\/\",\"name\":\"\u00c7elik Avukatl\u0131k\",\"description\":\"\",\"potentialAction\":[{\"@type\":\"SearchAction\",\"target\":{\"@type\":\"EntryPoint\",\"urlTemplate\":\"https:\/\/celikavukatlik.com\/?s={search_term_string}\"},\"query-input\":{\"@type\":\"PropertyValueSpecification\",\"valueRequired\":true,\"valueName\":\"search_term_string\"}}],\"inLanguage\":\"tr\"},{\"@type\":\"Person\",\"@id\":\"https:\/\/celikavukatlik.com\/#\/schema\/person\/23046b562652cbb6934aef5cc85430b6\",\"name\":\"admin\",\"image\":{\"@type\":\"ImageObject\",\"inLanguage\":\"tr\",\"@id\":\"https:\/\/celikavukatlik.com\/#\/schema\/person\/image\/\",\"url\":\"https:\/\/secure.gravatar.com\/avatar\/e20087e7ca30182a622897e0557cac9eb8b7273435c0130c75a2ad3bf2d5295f?s=96&d=mm&r=g\",\"contentUrl\":\"https:\/\/secure.gravatar.com\/avatar\/e20087e7ca30182a622897e0557cac9eb8b7273435c0130c75a2ad3bf2d5295f?s=96&d=mm&r=g\",\"caption\":\"admin\"},\"sameAs\":[\"https:\/\/celikavukatlik.com\"]}]}<\/script>\n<!-- \/ Yoast SEO plugin. -->","yoast_head_json":{"title":"Ki\u015filerin Konu\u015fmalar\u0131n\u0131n Dinlenmesi ve Kayda Al\u0131nmas\u0131 Su\u00e7u - \u00c7elik Avukatl\u0131k","description":"\u0130nsan toplumsal bir varl\u0131kt\u0131r ve di\u011fer insanlarla ileti\u015fim kurmak ve konu\u015fmak ihtiyac\u0131 i\u00e7erisindedir. \u0130nsan, s\u00f6zleri \u00fczerinde tasarruf imkan\u0131na sahiptir.","robots":{"index":"index","follow":"follow","max-snippet":"max-snippet:-1","max-image-preview":"max-image-preview:large","max-video-preview":"max-video-preview:-1"},"og_locale":"tr_TR","og_type":"article","og_title":"Ki\u015filerin Konu\u015fmalar\u0131n\u0131n Dinlenmesi ve Kayda Al\u0131nmas\u0131 Su\u00e7u - \u00c7elik Avukatl\u0131k","og_description":"\u0130nsan toplumsal bir varl\u0131kt\u0131r ve di\u011fer insanlarla ileti\u015fim kurmak ve konu\u015fmak ihtiyac\u0131 i\u00e7erisindedir. \u0130nsan, s\u00f6zleri \u00fczerinde tasarruf imkan\u0131na sahiptir.","og_url":"https:\/\/celikavukatlik.com\/tr\/kisilerin-konusmalarinin-dinlenmesi-ve-kayda-alinmasi-sucu\/","og_site_name":"\u00c7elik Avukatl\u0131k","article_published_time":"2017-04-03T00:54:53+00:00","author":"admin","twitter_card":"summary_large_image","twitter_misc":{"Yazan:":"admin","Tahmini okuma s\u00fcresi":"5 dakika"},"schema":{"@context":"https:\/\/schema.org","@graph":[{"@type":"WebPage","@id":"https:\/\/celikavukatlik.com\/tr\/kisilerin-konusmalarinin-dinlenmesi-ve-kayda-alinmasi-sucu\/","url":"https:\/\/celikavukatlik.com\/tr\/kisilerin-konusmalarinin-dinlenmesi-ve-kayda-alinmasi-sucu\/","name":"Ki\u015filerin Konu\u015fmalar\u0131n\u0131n Dinlenmesi ve Kayda Al\u0131nmas\u0131 Su\u00e7u - \u00c7elik Avukatl\u0131k","isPartOf":{"@id":"https:\/\/celikavukatlik.com\/#website"},"primaryImageOfPage":{"@id":"https:\/\/celikavukatlik.com\/tr\/kisilerin-konusmalarinin-dinlenmesi-ve-kayda-alinmasi-sucu\/#primaryimage"},"image":{"@id":"https:\/\/celikavukatlik.com\/tr\/kisilerin-konusmalarinin-dinlenmesi-ve-kayda-alinmasi-sucu\/#primaryimage"},"thumbnailUrl":"","datePublished":"2017-04-03T00:54:53+00:00","dateModified":"2017-04-03T00:54:53+00:00","author":{"@id":"https:\/\/celikavukatlik.com\/#\/schema\/person\/23046b562652cbb6934aef5cc85430b6"},"description":"\u0130nsan toplumsal bir varl\u0131kt\u0131r ve di\u011fer insanlarla ileti\u015fim kurmak ve konu\u015fmak ihtiyac\u0131 i\u00e7erisindedir. \u0130nsan, s\u00f6zleri \u00fczerinde tasarruf imkan\u0131na sahiptir.","inLanguage":"tr","potentialAction":[{"@type":"ReadAction","target":["https:\/\/celikavukatlik.com\/tr\/kisilerin-konusmalarinin-dinlenmesi-ve-kayda-alinmasi-sucu\/"]}]},{"@type":"ImageObject","inLanguage":"tr","@id":"https:\/\/celikavukatlik.com\/tr\/kisilerin-konusmalarinin-dinlenmesi-ve-kayda-alinmasi-sucu\/#primaryimage","url":"","contentUrl":""},{"@type":"WebSite","@id":"https:\/\/celikavukatlik.com\/#website","url":"https:\/\/celikavukatlik.com\/","name":"\u00c7elik Avukatl\u0131k","description":"","potentialAction":[{"@type":"SearchAction","target":{"@type":"EntryPoint","urlTemplate":"https:\/\/celikavukatlik.com\/?s={search_term_string}"},"query-input":{"@type":"PropertyValueSpecification","valueRequired":true,"valueName":"search_term_string"}}],"inLanguage":"tr"},{"@type":"Person","@id":"https:\/\/celikavukatlik.com\/#\/schema\/person\/23046b562652cbb6934aef5cc85430b6","name":"admin","image":{"@type":"ImageObject","inLanguage":"tr","@id":"https:\/\/celikavukatlik.com\/#\/schema\/person\/image\/","url":"https:\/\/secure.gravatar.com\/avatar\/e20087e7ca30182a622897e0557cac9eb8b7273435c0130c75a2ad3bf2d5295f?s=96&d=mm&r=g","contentUrl":"https:\/\/secure.gravatar.com\/avatar\/e20087e7ca30182a622897e0557cac9eb8b7273435c0130c75a2ad3bf2d5295f?s=96&d=mm&r=g","caption":"admin"},"sameAs":["https:\/\/celikavukatlik.com"]}]}},"_links":{"self":[{"href":"https:\/\/celikavukatlik.com\/tr\/wp-json\/wp\/v2\/posts\/2894","targetHints":{"allow":["GET"]}}],"collection":[{"href":"https:\/\/celikavukatlik.com\/tr\/wp-json\/wp\/v2\/posts"}],"about":[{"href":"https:\/\/celikavukatlik.com\/tr\/wp-json\/wp\/v2\/types\/post"}],"author":[{"embeddable":true,"href":"https:\/\/celikavukatlik.com\/tr\/wp-json\/wp\/v2\/users\/1"}],"replies":[{"embeddable":true,"href":"https:\/\/celikavukatlik.com\/tr\/wp-json\/wp\/v2\/comments?post=2894"}],"version-history":[{"count":0,"href":"https:\/\/celikavukatlik.com\/tr\/wp-json\/wp\/v2\/posts\/2894\/revisions"}],"wp:featuredmedia":[{"embeddable":true,"href":"https:\/\/celikavukatlik.com\/tr\/wp-json\/"}],"wp:attachment":[{"href":"https:\/\/celikavukatlik.com\/tr\/wp-json\/wp\/v2\/media?parent=2894"}],"wp:term":[{"taxonomy":"category","embeddable":true,"href":"https:\/\/celikavukatlik.com\/tr\/wp-json\/wp\/v2\/categories?post=2894"},{"taxonomy":"post_tag","embeddable":true,"href":"https:\/\/celikavukatlik.com\/tr\/wp-json\/wp\/v2\/tags?post=2894"}],"curies":[{"name":"wp","href":"https:\/\/api.w.org\/{rel}","templated":true}]}}