{"id":2898,"date":"2017-04-03T03:55:40","date_gmt":"2017-04-03T00:55:40","guid":{"rendered":"http:\/\/www.celikavukatlik.com.tr\/?p=2898"},"modified":"2017-04-03T03:55:40","modified_gmt":"2017-04-03T00:55:40","slug":"suc-islemek-amaciyla-orgut-kurma-diger-orgutlu-suclar","status":"publish","type":"post","link":"https:\/\/celikavukatlik.com\/tr\/suc-islemek-amaciyla-orgut-kurma-diger-orgutlu-suclar\/","title":{"rendered":"Su\u00e7 \u0130\u015flemek Amac\u0131yla \u00d6rg\u00fct Kurma ve Di\u011fer \u00d6rg\u00fctl\u00fc Su\u00e7lar"},"content":{"rendered":"Kamu bar\u0131\u015f\u0131na kar\u015f\u0131 su\u00e7lar grubunda yer alan su\u00e7 i\u015flemek amac\u0131yla \u00f6rg\u00fct kurma TCK\u2019n\u0131n 220.maddesinde d\u00fczenlenmi\u015ftir.Buna g\u00f6re:\n\n\u201c(1) Kanunun su\u00e7 sayd\u0131\u011f\u0131 fiilleri i\u015flemek amac\u0131yla \u00f6rg\u00fct kuranlar veya y\u00f6netenler, \u00f6rg\u00fct\u00fcn yap\u0131s\u0131, sahip bulundu\u011fu \u00fcye say\u0131s\u0131 ile ara\u00e7 ve gere\u00e7 bak\u0131m\u0131ndan ama\u00e7 su\u00e7lar\u0131 i\u015flemeye elveri\u015fli olmas\u0131 halinde, iki y\u0131ldan alt\u0131 y\u0131la kadar hapis cezas\u0131 ile cezaland\u0131r\u0131l\u0131r. Ancak, \u00f6rg\u00fct\u00fcn varl\u0131\u011f\u0131 i\u00e7in \u00fcye say\u0131s\u0131n\u0131n en az \u00fc\u00e7 ki\u015fi olmas\u0131 gerekir.\n\n(2) Su\u00e7 i\u015flemek amac\u0131yla kurulmu\u015f olan \u00f6rg\u00fcte \u00fcye olanlar, bir y\u0131ldan \u00fc\u00e7 y\u0131la kadar hapis cezas\u0131 ile cezaland\u0131r\u0131l\u0131r.\n\n(3) \u00d6rg\u00fct\u00fcn silahl\u0131 olmas\u0131 halinde, yukar\u0131daki f\u0131kralara g\u00f6re verilecek ceza d\u00f6rtte birinden yar\u0131s\u0131na kadar art\u0131r\u0131l\u0131r.\n\n(4) \u00d6rg\u00fct\u00fcn faaliyeti \u00e7er\u00e7evesinde su\u00e7 i\u015flenmesi halinde, ayr\u0131ca bu su\u00e7lardan dolay\u0131 da cezaya h\u00fckmolunur.\n\n(5) \u00d6rg\u00fct y\u00f6neticileri, \u00f6rg\u00fct\u00fcn faaliyeti \u00e7er\u00e7evesinde i\u015flenen b\u00fct\u00fcn su\u00e7lardan dolay\u0131 ayr\u0131ca fail olarak cezaland\u0131r\u0131l\u0131r.\n\n(6) \u00d6rg\u00fcte \u00fcye olmamakla birlikte \u00f6rg\u00fct ad\u0131na su\u00e7 i\u015fleyen ki\u015fi, ayr\u0131ca \u00f6rg\u00fcte \u00fcye olmak su\u00e7undan da cezaland\u0131r\u0131l\u0131r. \u00d6rg\u00fcte \u00fcye olmak su\u00e7undan dolay\u0131 verilecek ceza yar\u0131s\u0131na kadar indirilebilir. Bu f\u0131kra h\u00fckm\u00fc sadece silahl\u0131 \u00f6rg\u00fctler hakk\u0131nda uygulan\u0131r.\n\n(7) \u00d6rg\u00fct i\u00e7indeki hiyerar\u015fik yap\u0131ya d\u00e2hil olmamakla birlikte, \u00f6rg\u00fcte bilerek ve isteyerek yard\u0131m eden ki\u015fi, \u00f6rg\u00fct \u00fcyesi olarak cezaland\u0131r\u0131l\u0131r. \u00d6rg\u00fct \u00fcyeli\u011finden dolay\u0131 verilecek ceza, yap\u0131lan yard\u0131m\u0131n niteli\u011fine g\u00f6re \u00fc\u00e7te birine kadar indirilebilir.\n\n(8) \u00d6rg\u00fct\u00fcn cebir, \u015fiddet veya tehdit i\u00e7eren y\u00f6ntemlerini me\u015fru g\u00f6sterecek veya \u00f6vecek ya da bu y\u00f6ntemlere ba\u015fvurmay\u0131 te\u015fvik edecek \u015fekilde propagandas\u0131n\u0131 yapan ki\u015fi, bir y\u0131ldan \u00fc\u00e7 y\u0131la kadar hapis cezas\u0131 ile cezaland\u0131r\u0131l\u0131r. Bu su\u00e7un bas\u0131n ve yay\u0131n yolu ile i\u015flenmesi halinde, verilecek ceza yar\u0131 oran\u0131nda art\u0131r\u0131l\u0131r\u201d denilmektedir.\n\n<strong>KORUNAN HUKUK\u0130 DE\u011eER NED\u0130R?<\/strong>\n\nTCK\u2019n\u0131n 220. Maddesi bir dizi su\u00e7 i\u015flemek amac\u0131yla bir araya gelinmesini yapt\u0131r\u0131m alt\u0131na alm\u0131\u015ft\u0131r. \u015eah\u0131slar\u0131n bu tarz bir beraberlikleri ,hen\u00fcz hedeflenen su\u00e7 i\u015flenmemi\u015f olsa bile toplumsal bar\u0131\u015f\u0131 tehlikeye atmaktad\u0131r ve su\u00e7 olu\u015fumunu engelleme amac\u0131nda olan kamu otoritesini de zedelemektedir. Bu anlamda korunan hukuki de\u011fer kamu bar\u0131\u015f\u0131 ve kamu g\u00fcvenli\u011fidir.\n\n<strong>\u00a0<\/strong>\n\n<strong>\u00a0<\/strong>\n\n<strong>\u00d6RG\u00dcT OLU\u015eUMU \u0130\u00c7\u0130N GEREKEN \u015eARTLAR NELERD\u0130R?<\/strong>\n\nTCK madde 220\u2019e g\u00f6re kanunda tan\u0131mlanan su\u00e7lar\u0131 i\u015flemek amac\u0131yla \u00f6rg\u00fct kuranlar cezaland\u0131r\u0131l\u0131r.Maddenin yap\u0131s\u0131na g\u00f6re kurulan bu \u00f6rg\u00fct alelade bir yap\u0131da olmay\u0131p,baz\u0131 \u00f6zellikleri vard\u0131r. \u00d6rg\u00fct en az 3 ki\u015fiden olu\u015fan,s\u00fcreklilik arz eden ,kendisini olu\u015fturanlar aras\u0131nda planl\u0131 ortakl\u0131k,i\u015fb\u00f6l\u00fcm\u00fc bulunan,ba\u015f\u0131nda lider olan ve su\u00e7 i\u015flemek amac\u0131yla kurulmu\u015f bir yap\u0131lanmad\u0131r.\n\n<strong>\u00d6RG\u00dcTE \u00dcYE OLMAK SU\u00c7U NASIL GER\u00c7EKLE\u015e\u0130R<\/strong>\n\nAn\u0131lan maddenin ikinci f\u0131kras\u0131nda su\u00e7 i\u015flemek amac\u0131yla kurulmu\u015f bir \u00f6rg\u00fcte \u00fcye olmak yapt\u0131r\u0131m alt\u0131na al\u0131nm\u0131\u015ft\u0131r. \u00d6rg\u00fcte \u00fcye olmu\u015f olmak i\u00e7in \u00f6rg\u00fct\u00fcn var olan hiyerar\u015fisine fiilen kat\u0131lm\u0131\u015f olmak gerekir. Ayr\u0131ca bu kat\u0131l\u0131m\u0131n bir defaya mahsus ya da k\u0131sa olmas\u0131 de\u011fil devaml\u0131 olmas\u0131 gerekmektedir. Ayr\u0131ca bu kat\u0131l\u0131m iradesinin iki tarafl\u0131 olmas\u0131 gerekir. Yani ki\u015finin \u00f6rg\u00fcte kat\u0131lma iradesinin bulunmas\u0131n\u0131n yan\u0131nda \u00f6rg\u00fct y\u00f6neticilerinin veya liderinin de a\u00e7\u0131k veya kapal\u0131 bir iradesinin bulunmas\u0131 gerekir.\n\n\u00d6rg\u00fct \u00fcyeli\u011fi su\u00e7unun olu\u015fmas\u0131 i\u00e7in ki\u015fin \u00fcye olaca\u011f\u0131 \u00f6rg\u00fct\u00fcn amac\u0131n\u0131 ve niteli\u011fini de bilmesi gerekir.\n\n<strong>\u00d6RG\u00dcT Y\u00d6NET\u0130C\u0130LER\u0130 FA\u0130L OLARAK MI CEZALANDIRILIR ?<\/strong>\n\n\u00d6rg\u00fct y\u00f6neticileri de, \u00f6rg\u00fct\u00fcn faaliyeti \u00e7er\u00e7evesinde i\u015flenen b\u00fct\u00fcn su\u00e7lardan dolay\u0131 ayr\u0131ca fail olarak cezaland\u0131r\u0131l\u0131r (m.220\/5).\n\n<strong>\u00d6RG\u00dcTE \u00dcYE OLMAMAKLA BERABER \u00d6RG\u00dcT ADINA SU\u00c7 \u0130\u015eLENEB\u0130L\u0130R M\u0130?<\/strong>\n\nMaddenin 6. F\u0131kras\u0131nda \u00f6rg\u00fcte \u00fcye olmamakla birlikte \u00f6rg\u00fct ad\u0131na su\u00e7 i\u015fleyenlerin de \u00f6rg\u00fct \u00fcyesi olarak cezaland\u0131r\u0131laca\u011f\u0131 belirtilmi\u015ftir. Ancak \u00f6rg\u00fcte \u00fcye olmak su\u00e7undan verilecek ceza yar\u0131s\u0131na kadar indirilebilir.\n\n<strong>\u00d6RG\u00dcTE YARDIM ETMEK \u00d6RG\u00dcT \u00dcYEL\u0130\u011e\u0130 KAPSAMINA G\u0130RER M\u0130?<\/strong>\n\nTCK 220.maddenin 7. F\u0131kras\u0131na g\u00f6re \u00a0\u00d6rg\u00fct i\u00e7indeki hiyerar\u015fik yap\u0131ya d\u00e2hil olmamakla birlikte, \u00f6rg\u00fcte bilerek ve isteyerek yard\u0131m eden ki\u015fi, \u00f6rg\u00fct \u00fcyesi olarak cezaland\u0131r\u0131l\u0131r. Ancak \u00d6rg\u00fct \u00fcyeli\u011finden dolay\u0131 verilecek ceza, yap\u0131lan yard\u0131m\u0131n niteli\u011fine g\u00f6re \u00fc\u00e7te birine kadar indirilebilir. Burada \u00f6rg\u00fct \u00fcyesi olmamakla birlikte \u00f6rg\u00fcte yard\u0131m s\u00f6z konusudur. Ve bu yard\u0131m yard\u0131m ge\u00e7ici olup, devaml\u0131l\u0131k arz etmez.\n\n<strong>\u00d6RG\u00dcTE YARDIM ETMEK NASIL GER\u00c7EKLE\u015e\u0130R?<\/strong>\n\n\u00d6rg\u00fcte yard\u0131m farkl\u0131 \u015fekillerde ger\u00e7ekle\u015febilir. \u00d6rg\u00fcte silah temin edilmesi,yiyecek ve i\u00e7ecek verilmesi,\u00f6rg\u00fcte yer verilmesi,mali destek verilmesi gibi fiiller yard\u0131m olarak nitelendirilebilir.\n\n<strong>B\u0130R KEZ B\u0130LE \u00d6RG\u00dcTE YARDIM ETMEK SU\u00c7 MU?<\/strong>\n\n\u00d6rg\u00fcte yard\u0131m\u0131n s\u00fcrekli olmas\u0131 gerekmez. Yard\u0131m\u0131n bir kez bile olmas\u0131 \u015fahs\u0131n cezaland\u0131r\u0131lmas\u0131na yeter.\n\n&nbsp;\n\n<strong>\u00d6RG\u00dcTE DESTEK MAH\u0130YET\u0130NDE PROPAGANDA YAPMAK SU\u00c7 MU?<\/strong>\n\nPropaganda bir d\u00fc\u015f\u00fcncenin insanlara benimsetilmeye \u00e7al\u0131\u015f\u0131lmas\u0131 demektir. Propaganda \u00e7e\u015fitli \u015fekillerde olabilmektedir. \u00d6rne\u011fin tiyatro, sinema, radyo, resim, \u015fark\u0131 \u015feklinde olabilece\u011fi gibi, yaz\u0131l\u0131 veya resimli afi\u015f, duvarlara resim, pankart asma ya da yaz\u0131 yazma bi\u00e7imlerinde olabilir,s\u00f6zle yap\u0131labilir. Kanunda \u201c\u00d6rg\u00fct\u00fcn cebir, \u015fiddet veya tehdit i\u00e7eren y\u00f6ntemlerini me\u015fru g\u00f6sterecek veya \u00f6vecek ya da bu y\u00f6ntemlere ba\u015fvurmay\u0131 te\u015fvik edecek \u015fekilde propagandas\u0131n\u0131 yapan ki\u015fi\u2026 cezaland\u0131r\u0131l\u0131r.\u201d\u015feklinde tarif edilmi\u015ftir. Ayr\u0131ca ter\u00f6rle m\u00fccadele kanununda \u00f6rg\u00fct propagandas\u0131 yine yapt\u0131r\u0131m alt\u0131na al\u0131nm\u0131\u015ft\u0131r. Buna g\u00f6re Ter\u00f6r \u00f6rg\u00fct\u00fcn\u00fcn; cebir, \u015fiddet veya tehdit i\u00e7eren y\u00f6ntemlerini me\u015fru g\u00f6sterecek veya \u00f6vecek ya da bu y\u00f6ntemlere ba\u015fvurmay\u0131 te\u015fvik edecek \u015fekilde propagandas\u0131n\u0131 yapan ki\u015fi, bir y\u0131ldan be\u015f y\u0131la kadar hapis cezas\u0131 ile cezaland\u0131r\u0131l\u0131r.\n\n<strong>TER\u00d6R \u00d6RG\u00dcT\u00dc PROPAGANDASI \u0130\u00c7\u0130N M\u0130T\u0130NG VE Y\u00dcR\u00dcY\u00dc\u015eLER Y\u00dcZ\u00dcN\u00dc KAPATMA SU\u00c7U NED\u0130R ?<\/strong>\n\nTer\u00f6rle m\u00fccadele kanununa g\u00f6re ter\u00f6r \u00f6rg\u00fct\u00fcn\u00fcn propagandas\u0131na d\u00f6n\u00fc\u015ft\u00fcr\u00fclen toplant\u0131 ve g\u00f6steri y\u00fcr\u00fcy\u00fc\u015flerinde, kimliklerini gizlemek amac\u0131yla y\u00fcz\u00fcn\u00fc tamamen veya k\u0131smen kapatanlar \u00fc\u00e7 y\u0131ldan be\u015f y\u0131la kadar hapis cezas\u0131yla cezaland\u0131r\u0131l\u0131r.(madde 7) Buna g\u00f6re ter\u00f6re destek y\u00fcr\u00fcy\u00fc\u015flerinde tan\u0131nmamak i\u00e7in y\u00fcz\u00fcn\u00fc tamamen veya k\u0131smen kapatanlar kanun h\u00fckm\u00fcndeki miktarca cezaland\u0131r\u0131lacakt\u0131rlar.\n\n<strong>\u00d6RG\u00dcT LEH\u0130NE SLOGAN ATILMASI SU\u00c7U NE DEMEKT\u0130R?<\/strong>\n\nKanuna g\u00f6re toplant\u0131 ve g\u00f6steri y\u00fcr\u00fcy\u00fc\u015f\u00fc s\u0131ras\u0131nda ger\u00e7ekle\u015fmese dahi, ter\u00f6r \u00f6rg\u00fct\u00fcn\u00fcn \u00fcyesi veya destek\u00e7isi oldu\u011funu belli edecek \u015fekilde; 1. \u00d6rg\u00fcte ait amblem, resim veya i\u015faretlerin as\u0131lmas\u0131 ya da ta\u015f\u0131nmas\u0131, <strong>2. Slogan at\u0131lmas\u0131,<\/strong> 3. Ses cihazlar\u0131 ile yay\u0131n yap\u0131lmas\u0131, 4. Ter\u00f6r \u00f6rg\u00fct\u00fcne ait amblem, resim veya i\u015faretlerin \u00fczerinde bulundu\u011fu \u00fcniforman\u0131n giyilmesi su\u00e7 olarak tan\u0131mlanm\u0131\u015ft\u0131r.\n\n<strong>SU\u00c7 \u0130\u015eLEMEK AMACIYLA \u00d6RG\u00dcT KURMA SU\u00c7UNUN N\u0130TEL\u0130KL\u0130 HALLER\u0130 NELERD\u0130R?<\/strong>\n\nTCK m.220\/3\u2019e g\u00f6re, \u00f6rg\u00fct\u00fcn silahl\u0131 olmas\u0131 halinde \u00f6rg\u00fct kurma, y\u00f6netme ya da \u00fcye olma su\u00e7lar\u0131na verilecek ceza artt\u0131r\u0131lacakt\u0131r.\n\nSilah, TCK.\u2019nun 6\u2019nc\u0131 maddesinde tan\u0131mlanm\u0131\u015ft\u0131r. Buna g\u00f6re silah deyiminden; \u201c1. Ate\u015fli sil\u00e2hlar, 2. Patlay\u0131c\u0131 maddeler, 3. Sald\u0131r\u0131 ve savunmada kullan\u0131lmak \u00fczere yap\u0131lm\u0131\u015f her t\u00fcrl\u00fc kesici, delici veya bereleyici alet, 4. Sald\u0131r\u0131 ve savunma amac\u0131yla yap\u0131lm\u0131\u015f olmasa bile fiilen sald\u0131r\u0131 ve savunmada kullan\u0131lmaya elveri\u015fli di\u011fer \u015feyler, 5. Yak\u0131c\u0131, a\u015f\u0131nd\u0131r\u0131c\u0131, yaralay\u0131c\u0131, bo\u011fucu, zehirleyici, s\u00fcrekli hastal\u0131\u011fa yol a\u00e7\u0131c\u0131 n\u00fckleer, radyoaktif, kimyasal, biyolojik maddeler\u201d madde metninden de anla\u015f\u0131laca\u011f\u0131 gibi b\u0131\u00e7ak,kama,Molotof vs. silah olarak kabul edilebilecektir.\n\n<strong>ETK\u0130N P\u0130\u015eMANLIK H\u00dcK\u00dcMLER\u0130 NELERD\u0130R?<\/strong>\n\nEtkin pi\u015fmanl\u0131k hali T\u00fcrk Ceza Kanunun 221. Maddesinde d\u00fczenlenmi\u015ftir.Buna g\u00f6re ;\n\n(1) Su\u00e7 i\u015flemek amac\u0131yla \u00f6rg\u00fct kurma su\u00e7u nedeniyle soru\u015fturmaya ba\u015flanmadan ve \u00f6rg\u00fct\u00fcn amac\u0131 do\u011frultusunda su\u00e7 i\u015flenmeden \u00f6nce, \u00f6rg\u00fct\u00fc da\u011f\u0131tan veya verdi\u011fi bilgilerle \u00f6rg\u00fct\u00fcn da\u011f\u0131lmas\u0131n\u0131 sa\u011flayan kurucu veya y\u00f6neticiler hakk\u0131nda cezaya h\u00fckmolunmaz.\n\n(2) \u00d6rg\u00fct \u00fcyesinin, \u00f6rg\u00fct\u00fcn faaliyeti \u00e7er\u00e7evesinde herhangi bir su\u00e7un i\u015fleni\u015fine i\u015ftirak etmeksizin, g\u00f6n\u00fcll\u00fc olarak \u00f6rg\u00fctten ayr\u0131ld\u0131\u011f\u0131n\u0131 ilgili makamlara bildirmesi halinde, hakk\u0131nda cezaya h\u00fckmolunmaz.\n\n(3) \u00d6rg\u00fct\u00fcn faaliyeti \u00e7er\u00e7evesinde herhangi bir su\u00e7un i\u015fleni\u015fine i\u015ftirak etmeden yakalanan \u00f6rg\u00fct \u00fcyesinin, pi\u015fmanl\u0131k duyarak \u00f6rg\u00fct\u00fcn da\u011f\u0131lmas\u0131n\u0131 veya mensuplar\u0131n\u0131n yakalanmas\u0131n\u0131 sa\u011flamaya elveri\u015fli bilgi vermesi halinde, hakk\u0131nda cezaya h\u00fckmolunmaz.\n\n(4) Su\u00e7 i\u015flemek amac\u0131yla \u00f6rg\u00fct kuran, y\u00f6neten veya \u00f6rg\u00fcte \u00fcye olan ya da \u00fcye olmamakla birlikte \u00f6rg\u00fct ad\u0131na su\u00e7 i\u015fleyen veya \u00f6rg\u00fcte bilerek ve isteyerek yard\u0131m eden ki\u015finin, g\u00f6n\u00fcll\u00fc olarak teslim olup, \u00f6rg\u00fct\u00fcn yap\u0131s\u0131 ve faaliyeti \u00e7er\u00e7evesinde i\u015flenen su\u00e7larla ilgili bilgi vermesi halinde, hakk\u0131nda \u00f6rg\u00fct kurmak, y\u00f6netmek veya \u00f6rg\u00fcte \u00fcye olmak su\u00e7undan dolay\u0131 cezaya h\u00fckmolunmaz. Ki\u015finin bu bilgileri yakaland\u0131ktan sonra vermesi halinde, hakk\u0131nda bu su\u00e7tan dolay\u0131 verilecek cezada \u00fc\u00e7te birden d\u00f6rtte \u00fc\u00e7e kadar indirim yap\u0131l\u0131r.\n\n(5) Etkin pi\u015fmanl\u0131ktan yararlanan ki\u015filer hakk\u0131nda bir y\u0131l s\u00fcreyle denetimli serbestlik tedbirine h\u00fckmolunur. Denetimli serbestlik tedbirinin s\u00fcresi \u00fc\u00e7 y\u0131la kadar uzat\u0131labilir.\n\n(6) (Ek: 6\/12\/2006 \u2013 5560\/8 md.) Ki\u015fi hakk\u0131nda, bu maddedeki etkin pi\u015fmanl\u0131k h\u00fck\u00fcmleri birden fazla uygulan\n\n<strong>SU\u00c7 \u0130\u015eLEMEK AMACIYLA \u00d6RG\u00dcT KURMA SU\u00c7U SORU\u015eTURMA VE KOVU\u015eTURMA USUL\u00dc NED\u0130R?<\/strong>\n\nTCK.\u2019nun 220\u2019nci maddesinde belirtilen su\u00e7lar\u0131n soru\u015fturmas\u0131 ve kovu\u015fturmas\u0131 kendili\u011finden yap\u0131l\u0131r. Bu su\u00e7larda dolay\u0131 a\u00e7\u0131lan kamu davalar\u0131na bakma g\u00f6revi Asliye Ceza Mahkemelerine aittir.\n\nTer\u00f6rle M\u00fccadele Kanunu kapsam\u0131na giren su\u00e7lar dolay\u0131s\u0131yla a\u00e7\u0131lan davalar a\u011f\u0131r ceza mahkemelerinde g\u00f6r\u00fcl\u00fcr (bkz. TMK.m.10).\n\n<strong>BU SU\u00c7 T\u0130P\u0130 \u015e\u0130KAYETE BA\u011eLI MIDIR?<\/strong>\n\nHay\u0131r .Su\u00e7 i\u015flemek amac\u0131yla \u00f6rg\u00fct kurma su\u00e7unun soru\u015fturulmas\u0131 ve kovu\u015fturulmas\u0131 \u015fikayete ba\u011fl\u0131 de\u011fildir. Savc\u0131 su\u00e7u \u00f6\u011frendi\u011finde re\u2019sen(kendili\u011finden) soru\u015fturma ba\u015flat\u0131r.","protected":false},"excerpt":{"rendered":"Kamu bar\u0131\u015f\u0131na kar\u015f\u0131 su\u00e7lar grubunda yer alan su\u00e7 i\u015flemek amac\u0131yla \u00f6rg\u00fct kurma TCK\u2019n\u0131n 220.maddesinde d\u00fczenlenmi\u015ftir.Buna g\u00f6re: \u201c(1) Kanunun su\u00e7 sayd\u0131\u011f\u0131 fiilleri i\u015flemek amac\u0131yla \u00f6rg\u00fct kuranlar veya y\u00f6netenler, \u00f6rg\u00fct\u00fcn yap\u0131s\u0131, sahip bulundu\u011fu \u00fcye say\u0131s\u0131 ile ara\u00e7 ve gere\u00e7 bak\u0131m\u0131ndan ama\u00e7 su\u00e7lar\u0131&#8230;","protected":false},"author":1,"featured_media":4888,"comment_status":"open","ping_status":"open","sticky":false,"template":"","format":"standard","meta":{"footnotes":""},"categories":[22],"tags":[],"class_list":["post-2898","post","type-post","status-publish","format-standard","has-post-thumbnail","hentry","category-ceza-hukuku"],"yoast_head":"<!-- This site is optimized with the Yoast SEO plugin v24.3 - https:\/\/yoast.com\/wordpress\/plugins\/seo\/ -->\n<title>Su\u00e7 \u0130\u015flemek Amac\u0131yla \u00d6rg\u00fct Kurma ve Di\u011fer \u00d6rg\u00fctl\u00fc Su\u00e7lar - \u00c7elik Avukatl\u0131k<\/title>\n<meta name=\"description\" content=\"Kamu bar\u0131\u015f\u0131na kar\u015f\u0131 su\u00e7lar grubunda yer alan su\u00e7 i\u015flemek amac\u0131yla \u00f6rg\u00fct kurma TCK\u2019n\u0131n 220.maddesinde d\u00fczenlenmi\u015ftir.Buna g\u00f6re: \u201c(1) Kanunun su\u00e7 sayd\u0131\u011f\u0131\" \/>\n<meta name=\"robots\" content=\"index, follow, max-snippet:-1, max-image-preview:large, max-video-preview:-1\" \/>\n<meta property=\"og:locale\" content=\"tr_TR\" \/>\n<meta property=\"og:type\" content=\"article\" \/>\n<meta property=\"og:title\" content=\"Su\u00e7 \u0130\u015flemek Amac\u0131yla \u00d6rg\u00fct Kurma ve Di\u011fer \u00d6rg\u00fctl\u00fc Su\u00e7lar - \u00c7elik Avukatl\u0131k\" \/>\n<meta property=\"og:description\" content=\"Kamu bar\u0131\u015f\u0131na kar\u015f\u0131 su\u00e7lar grubunda yer alan su\u00e7 i\u015flemek amac\u0131yla \u00f6rg\u00fct kurma TCK\u2019n\u0131n 220.maddesinde d\u00fczenlenmi\u015ftir.Buna g\u00f6re: \u201c(1) Kanunun su\u00e7 sayd\u0131\u011f\u0131\" \/>\n<meta property=\"og:url\" content=\"https:\/\/celikavukatlik.com\/tr\/suc-islemek-amaciyla-orgut-kurma-diger-orgutlu-suclar\/\" \/>\n<meta property=\"og:site_name\" content=\"\u00c7elik Avukatl\u0131k\" \/>\n<meta property=\"article:published_time\" content=\"2017-04-03T00:55:40+00:00\" \/>\n<meta name=\"author\" content=\"admin\" \/>\n<meta name=\"twitter:card\" content=\"summary_large_image\" \/>\n<meta name=\"twitter:label1\" content=\"Yazan:\" \/>\n\t<meta name=\"twitter:data1\" content=\"admin\" \/>\n\t<meta name=\"twitter:label2\" content=\"Tahmini okuma s\u00fcresi\" \/>\n\t<meta name=\"twitter:data2\" content=\"9 dakika\" \/>\n<script type=\"application\/ld+json\" class=\"yoast-schema-graph\">{\"@context\":\"https:\/\/schema.org\",\"@graph\":[{\"@type\":\"WebPage\",\"@id\":\"https:\/\/celikavukatlik.com\/tr\/suc-islemek-amaciyla-orgut-kurma-diger-orgutlu-suclar\/\",\"url\":\"https:\/\/celikavukatlik.com\/tr\/suc-islemek-amaciyla-orgut-kurma-diger-orgutlu-suclar\/\",\"name\":\"Su\u00e7 \u0130\u015flemek Amac\u0131yla \u00d6rg\u00fct Kurma ve Di\u011fer \u00d6rg\u00fctl\u00fc Su\u00e7lar - \u00c7elik Avukatl\u0131k\",\"isPartOf\":{\"@id\":\"https:\/\/celikavukatlik.com\/#website\"},\"primaryImageOfPage\":{\"@id\":\"https:\/\/celikavukatlik.com\/tr\/suc-islemek-amaciyla-orgut-kurma-diger-orgutlu-suclar\/#primaryimage\"},\"image\":{\"@id\":\"https:\/\/celikavukatlik.com\/tr\/suc-islemek-amaciyla-orgut-kurma-diger-orgutlu-suclar\/#primaryimage\"},\"thumbnailUrl\":\"\",\"datePublished\":\"2017-04-03T00:55:40+00:00\",\"dateModified\":\"2017-04-03T00:55:40+00:00\",\"author\":{\"@id\":\"https:\/\/celikavukatlik.com\/#\/schema\/person\/23046b562652cbb6934aef5cc85430b6\"},\"description\":\"Kamu bar\u0131\u015f\u0131na kar\u015f\u0131 su\u00e7lar grubunda yer alan su\u00e7 i\u015flemek amac\u0131yla \u00f6rg\u00fct kurma TCK\u2019n\u0131n 220.maddesinde d\u00fczenlenmi\u015ftir.Buna g\u00f6re: \u201c(1) Kanunun su\u00e7 sayd\u0131\u011f\u0131\",\"inLanguage\":\"tr\",\"potentialAction\":[{\"@type\":\"ReadAction\",\"target\":[\"https:\/\/celikavukatlik.com\/tr\/suc-islemek-amaciyla-orgut-kurma-diger-orgutlu-suclar\/\"]}]},{\"@type\":\"ImageObject\",\"inLanguage\":\"tr\",\"@id\":\"https:\/\/celikavukatlik.com\/tr\/suc-islemek-amaciyla-orgut-kurma-diger-orgutlu-suclar\/#primaryimage\",\"url\":\"\",\"contentUrl\":\"\"},{\"@type\":\"WebSite\",\"@id\":\"https:\/\/celikavukatlik.com\/#website\",\"url\":\"https:\/\/celikavukatlik.com\/\",\"name\":\"\u00c7elik Avukatl\u0131k\",\"description\":\"\",\"potentialAction\":[{\"@type\":\"SearchAction\",\"target\":{\"@type\":\"EntryPoint\",\"urlTemplate\":\"https:\/\/celikavukatlik.com\/?s={search_term_string}\"},\"query-input\":{\"@type\":\"PropertyValueSpecification\",\"valueRequired\":true,\"valueName\":\"search_term_string\"}}],\"inLanguage\":\"tr\"},{\"@type\":\"Person\",\"@id\":\"https:\/\/celikavukatlik.com\/#\/schema\/person\/23046b562652cbb6934aef5cc85430b6\",\"name\":\"admin\",\"image\":{\"@type\":\"ImageObject\",\"inLanguage\":\"tr\",\"@id\":\"https:\/\/celikavukatlik.com\/#\/schema\/person\/image\/\",\"url\":\"https:\/\/secure.gravatar.com\/avatar\/e20087e7ca30182a622897e0557cac9eb8b7273435c0130c75a2ad3bf2d5295f?s=96&d=mm&r=g\",\"contentUrl\":\"https:\/\/secure.gravatar.com\/avatar\/e20087e7ca30182a622897e0557cac9eb8b7273435c0130c75a2ad3bf2d5295f?s=96&d=mm&r=g\",\"caption\":\"admin\"},\"sameAs\":[\"https:\/\/celikavukatlik.com\"]}]}<\/script>\n<!-- \/ Yoast SEO plugin. -->","yoast_head_json":{"title":"Su\u00e7 \u0130\u015flemek Amac\u0131yla \u00d6rg\u00fct Kurma ve Di\u011fer \u00d6rg\u00fctl\u00fc Su\u00e7lar - \u00c7elik Avukatl\u0131k","description":"Kamu bar\u0131\u015f\u0131na kar\u015f\u0131 su\u00e7lar grubunda yer alan su\u00e7 i\u015flemek amac\u0131yla \u00f6rg\u00fct kurma TCK\u2019n\u0131n 220.maddesinde d\u00fczenlenmi\u015ftir.Buna g\u00f6re: \u201c(1) Kanunun su\u00e7 sayd\u0131\u011f\u0131","robots":{"index":"index","follow":"follow","max-snippet":"max-snippet:-1","max-image-preview":"max-image-preview:large","max-video-preview":"max-video-preview:-1"},"og_locale":"tr_TR","og_type":"article","og_title":"Su\u00e7 \u0130\u015flemek Amac\u0131yla \u00d6rg\u00fct Kurma ve Di\u011fer \u00d6rg\u00fctl\u00fc Su\u00e7lar - \u00c7elik Avukatl\u0131k","og_description":"Kamu bar\u0131\u015f\u0131na kar\u015f\u0131 su\u00e7lar grubunda yer alan su\u00e7 i\u015flemek amac\u0131yla \u00f6rg\u00fct kurma TCK\u2019n\u0131n 220.maddesinde d\u00fczenlenmi\u015ftir.Buna g\u00f6re: \u201c(1) Kanunun su\u00e7 sayd\u0131\u011f\u0131","og_url":"https:\/\/celikavukatlik.com\/tr\/suc-islemek-amaciyla-orgut-kurma-diger-orgutlu-suclar\/","og_site_name":"\u00c7elik Avukatl\u0131k","article_published_time":"2017-04-03T00:55:40+00:00","author":"admin","twitter_card":"summary_large_image","twitter_misc":{"Yazan:":"admin","Tahmini okuma s\u00fcresi":"9 dakika"},"schema":{"@context":"https:\/\/schema.org","@graph":[{"@type":"WebPage","@id":"https:\/\/celikavukatlik.com\/tr\/suc-islemek-amaciyla-orgut-kurma-diger-orgutlu-suclar\/","url":"https:\/\/celikavukatlik.com\/tr\/suc-islemek-amaciyla-orgut-kurma-diger-orgutlu-suclar\/","name":"Su\u00e7 \u0130\u015flemek Amac\u0131yla \u00d6rg\u00fct Kurma ve Di\u011fer \u00d6rg\u00fctl\u00fc Su\u00e7lar - \u00c7elik Avukatl\u0131k","isPartOf":{"@id":"https:\/\/celikavukatlik.com\/#website"},"primaryImageOfPage":{"@id":"https:\/\/celikavukatlik.com\/tr\/suc-islemek-amaciyla-orgut-kurma-diger-orgutlu-suclar\/#primaryimage"},"image":{"@id":"https:\/\/celikavukatlik.com\/tr\/suc-islemek-amaciyla-orgut-kurma-diger-orgutlu-suclar\/#primaryimage"},"thumbnailUrl":"","datePublished":"2017-04-03T00:55:40+00:00","dateModified":"2017-04-03T00:55:40+00:00","author":{"@id":"https:\/\/celikavukatlik.com\/#\/schema\/person\/23046b562652cbb6934aef5cc85430b6"},"description":"Kamu bar\u0131\u015f\u0131na kar\u015f\u0131 su\u00e7lar grubunda yer alan su\u00e7 i\u015flemek amac\u0131yla \u00f6rg\u00fct kurma TCK\u2019n\u0131n 220.maddesinde d\u00fczenlenmi\u015ftir.Buna g\u00f6re: \u201c(1) Kanunun su\u00e7 sayd\u0131\u011f\u0131","inLanguage":"tr","potentialAction":[{"@type":"ReadAction","target":["https:\/\/celikavukatlik.com\/tr\/suc-islemek-amaciyla-orgut-kurma-diger-orgutlu-suclar\/"]}]},{"@type":"ImageObject","inLanguage":"tr","@id":"https:\/\/celikavukatlik.com\/tr\/suc-islemek-amaciyla-orgut-kurma-diger-orgutlu-suclar\/#primaryimage","url":"","contentUrl":""},{"@type":"WebSite","@id":"https:\/\/celikavukatlik.com\/#website","url":"https:\/\/celikavukatlik.com\/","name":"\u00c7elik Avukatl\u0131k","description":"","potentialAction":[{"@type":"SearchAction","target":{"@type":"EntryPoint","urlTemplate":"https:\/\/celikavukatlik.com\/?s={search_term_string}"},"query-input":{"@type":"PropertyValueSpecification","valueRequired":true,"valueName":"search_term_string"}}],"inLanguage":"tr"},{"@type":"Person","@id":"https:\/\/celikavukatlik.com\/#\/schema\/person\/23046b562652cbb6934aef5cc85430b6","name":"admin","image":{"@type":"ImageObject","inLanguage":"tr","@id":"https:\/\/celikavukatlik.com\/#\/schema\/person\/image\/","url":"https:\/\/secure.gravatar.com\/avatar\/e20087e7ca30182a622897e0557cac9eb8b7273435c0130c75a2ad3bf2d5295f?s=96&d=mm&r=g","contentUrl":"https:\/\/secure.gravatar.com\/avatar\/e20087e7ca30182a622897e0557cac9eb8b7273435c0130c75a2ad3bf2d5295f?s=96&d=mm&r=g","caption":"admin"},"sameAs":["https:\/\/celikavukatlik.com"]}]}},"_links":{"self":[{"href":"https:\/\/celikavukatlik.com\/tr\/wp-json\/wp\/v2\/posts\/2898","targetHints":{"allow":["GET"]}}],"collection":[{"href":"https:\/\/celikavukatlik.com\/tr\/wp-json\/wp\/v2\/posts"}],"about":[{"href":"https:\/\/celikavukatlik.com\/tr\/wp-json\/wp\/v2\/types\/post"}],"author":[{"embeddable":true,"href":"https:\/\/celikavukatlik.com\/tr\/wp-json\/wp\/v2\/users\/1"}],"replies":[{"embeddable":true,"href":"https:\/\/celikavukatlik.com\/tr\/wp-json\/wp\/v2\/comments?post=2898"}],"version-history":[{"count":0,"href":"https:\/\/celikavukatlik.com\/tr\/wp-json\/wp\/v2\/posts\/2898\/revisions"}],"wp:featuredmedia":[{"embeddable":true,"href":"https:\/\/celikavukatlik.com\/tr\/wp-json\/"}],"wp:attachment":[{"href":"https:\/\/celikavukatlik.com\/tr\/wp-json\/wp\/v2\/media?parent=2898"}],"wp:term":[{"taxonomy":"category","embeddable":true,"href":"https:\/\/celikavukatlik.com\/tr\/wp-json\/wp\/v2\/categories?post=2898"},{"taxonomy":"post_tag","embeddable":true,"href":"https:\/\/celikavukatlik.com\/tr\/wp-json\/wp\/v2\/tags?post=2898"}],"curies":[{"name":"wp","href":"https:\/\/api.w.org\/{rel}","templated":true}]}}