{"id":3649,"date":"2018-02-13T09:56:51","date_gmt":"2018-02-13T06:56:51","guid":{"rendered":"https:\/\/www.celikavukatlik.com.tr\/?p=3649"},"modified":"2018-02-13T09:56:51","modified_gmt":"2018-02-13T06:56:51","slug":"ise-iade-davasi-nasil-acilir-ve-sartlari-nelerdir","status":"publish","type":"post","link":"https:\/\/celikavukatlik.com\/tr\/ise-iade-davasi-nasil-acilir-ve-sartlari-nelerdir\/","title":{"rendered":"\u0130\u015fe \u0130ade Davas\u0131 Nas\u0131l A\u00e7\u0131l\u0131r ve \u015eartlar\u0131 Nelerdir?"},"content":{"rendered":"<strong>\u0130\u015fe \u0130ade Davas\u0131 Nedir?<\/strong>\n\n<span style=\"font-weight: 400;\">\u0130\u015fe iade davas\u0131 i\u015f g\u00fcvencesini sa\u011flayan bir davad\u0131r. \u0130\u015f g\u00fcvencesi kapsam\u0131nda \u00e7al\u0131\u015fan bir i\u015f\u00e7i, i\u015f s\u00f6zle\u015fmesinin ge\u00e7ersiz bir nedene dayan\u0131larak feshedildi\u011fi kanaatinde ise <\/span><span style=\"font-weight: 400;\">\u0130\u015f Kanunu\u2019nun 20. Maddesi <\/span><span style=\"font-weight: 400;\">h\u00fck\u00fcmleri uyar\u0131nca, fesih bildiriminde sebep g\u00f6sterilmedi\u011fi veya g\u00f6sterilen sebebin ge\u00e7erli bir sebep olmad\u0131\u011f\u0131 iddias\u0131 ile fesih bildiriminin tebli\u011fi tarihinden itibaren \u00a0bir ay i\u00e7erisinde i\u015f mahkemesinde dava a\u00e7abilir.<\/span>\n<h2><strong>\u0130\u015fe \u0130ade Davas\u0131 \u015eartlar\u0131 Nelerdir?<\/strong><\/h2>\n<span style=\"font-weight: 400;\">\u0130\u015fe iade davas\u0131 a\u00e7mak i\u00e7in gerekli yasal \u015fartlar <\/span><span style=\"font-weight: 400;\">\u0130\u015f Kanunu\u2019nun 17<\/span><span style=\"font-weight: 400;\">. Maddesi h\u00fck\u00fcmleri uyar\u0131nca;<\/span>\n<ol>\n \t<li><span style=\"font-weight: 400;\"><strong>a)<\/strong> \u0130\u015f yerinin 30 veya daha fazla i\u015f\u00e7i \u00e7al\u0131\u015ft\u0131ran i\u015f yeri olmas\u0131 (i\u015f g\u00fcvencesi kapsam\u0131nda olmas\u0131) gerekir. Bir i\u015fverenin ayn\u0131 i\u015f kolunda birden fazla i\u015f yeri var ise, i\u015f yerinde \u00e7al\u0131\u015fan i\u015f\u00e7i say\u0131s\u0131n\u0131n tespitinde bu yerlerdeki toplam i\u015f\u00e7i say\u0131s\u0131 dikkate al\u0131nmaktad\u0131r.<\/span><\/li>\n<\/ol>\n<span style=\"font-weight: 400;\">\u00a0 \u00a0 \u00a0 \u00a0 \u00a0 <strong>b)<\/strong>\u0130\u015f S\u00f6zle\u015fmesinin \u0130\u015f Kanunu\u2019na veya Bas\u0131n \u0130\u015f Kanunu\u2019na Tabi Olmas\u0131,<\/span>\n<ol>\n \t<li><span style=\"font-weight: 400;\"><strong>c)<\/strong> \u0130\u015f\u00e7inin \u00a0en az alt\u0131 ayl\u0131k k\u0131demi olmas\u0131 gerekir. \u00a0<\/span><\/li>\n \t<li><span style=\"font-weight: 400;\"><strong>d)<\/strong> Belirsiz s\u00fcreli i\u015f s\u00f6zle\u015fmesini olmal\u0131d\u0131r.<\/span><\/li>\n \t<li><span style=\"font-weight: 400;\"><strong>e)<\/strong> \u0130\u015f s\u00f6zle\u015fmesinin feshine dayanak bir sebep g\u00f6sterilmemi\u015f olmal\u0131 yahut g\u00f6sterilen sebep ge\u00e7ersiz bir sebep olmal\u0131d\u0131r. Kural olarak i\u015fveren, i\u015f\u00e7inin yeterlili\u011finden veya davran\u0131\u015flar\u0131ndan ya da i\u015fletmenin, i\u015f yerinin veya i\u015fin gereklerinden kaynaklanan ge\u00e7erli bir sebebe dayanmak zorundad\u0131r.<\/span><\/li>\n<\/ol>\n<span style=\"font-weight: 400;\">\u00d6zellikle a\u015fa\u011f\u0131daki hususlar fesih i\u00e7in ge\u00e7erli bir sebep olu\u015fturmayacakt\u0131r. (A\u015fa\u011f\u0131da belirtilen hususlar \u00f6rnek kabilinden say\u0131lm\u0131\u015ft\u0131r.)<\/span>\n<ol>\n \t<li><span style=\"font-weight: 400;\"><strong>a)<\/strong> Sendika \u00fcyeli\u011fi veya \u00e7al\u0131\u015fma saatleri d\u0131\u015f\u0131nda veya i\u015fverenin r\u0131zas\u0131 ile \u00e7al\u0131\u015fma saatleri i\u00e7inde sendikal faaliyetlere kat\u0131lmak.<\/span><\/li>\n \t<li><span style=\"font-weight: 400;\"><strong>b)<\/strong> \u00a0\u0130\u015f yeri sendika temsilcili\u011fi yapmak<\/span><\/li>\n \t<li><span style=\"font-weight: 400;\"><strong>c)<\/strong> Mevzuattan veya s\u00f6zle\u015fmeden do\u011fan haklar\u0131n\u0131 takip veya y\u00fck\u00fcml\u00fcl\u00fcklerini yerine getirmek i\u00e7in i\u015fveren aleyhine idari veya adli makamlara ba\u015fvurmak veya bu hususta ba\u015flat\u0131lm\u0131\u015f s\u00fcrece kat\u0131lmak.<\/span><\/li>\n \t<li><span style=\"font-weight: 400;\"><strong>d)<\/strong> Irk, renk, cinsiyet, medeni hal, aile y\u00fck\u00fcml\u00fcl\u00fckleri, hamilelik, do\u011fum, din, siyasi g\u00f6r\u00fc\u015f ve benzeri nedenler.<\/span><\/li>\n<\/ol>\n<span style=\"font-weight: 400;\"><strong>\u0130\u015fe \u0130ade Davas\u0131n\u0131 Kimler A\u00e7abilir?<\/strong><\/span>\n\n<span style=\"font-weight: 400;\">Yukar\u0131da detayl\u0131 a\u00e7\u0131kland\u0131\u011f\u0131 \u00fczere en az 6 ayl\u0131k k\u0131demi olan \/\u00e7al\u0131\u015fma s\u00fcresi bulunan ve i\u015f kanununa veya bas\u0131n i\u015f kanununa tabi belirsiz s\u00fcreli i\u015f s\u00f6zle\u015fmesi ile \u00e7al\u0131\u015fan her i\u015f\u00e7i, \u00a0otuz veya fazla i\u015f\u00e7i \u00e7al\u0131\u015ft\u0131ran i\u015fverenine kar\u015f\u0131 i\u015fe iade davas\u0131 a\u00e7abilir.<\/span>\n\n<strong>\u0130\u015fe \u0130ade Davas\u0131n\u0131 Kimler A\u00e7amaz?<\/strong>\n\n<span style=\"font-weight: 400;\">\u0130\u015fe iade davas\u0131n\u0131, i\u015f yerinden kendi iste\u011fi ile istifa eden, emekli olan, i\u015f s\u00f6zle\u015fmesi ge\u00e7erli bir nedene istinaden i\u015fverence fesih olunan, \u00a06 aydan az k\u0131demi bulunan, belirli s\u00fcreli i\u015f s\u00f6zle\u015fmesi ile \u00e7al\u0131\u015fan i\u015f\u00e7iler ile i\u015f s\u00f6zle\u015fmesi i\u015f kanununa veya bas\u0131n i\u015f kanununa tabi olmayan ki\u015filer a\u00e7amazlar.<\/span>\n\n<strong><img loading=\"lazy\" decoding=\"async\" class=\"alignnone wp-image-3661 size-full\" title=\"\u0130\u015fe \u0130ade Davas\u0131nda Tazminat Hesaplama\" src=\"https:\/\/www.celikavukatlik.com.tr\/wp-content\/uploads\/2018\/02\/i\u015fe-iade-davas\u0131nda-tazminat.jpg\" alt=\"\u0130\u015fe \u0130ade Davas\u0131nda Tazminat Hesaplama\" width=\"642\" height=\"282\" \/><\/strong>\n<h2>\u0130\u015fe \u0130ade Davas\u0131nda Tazminat Hesaplama<\/h2>\n&nbsp;\n\n<span style=\"font-weight: 400;\">\u0130\u015fe iade davas\u0131n\u0131 kazanan i\u015f\u00e7iyi s\u00fcresi i\u00e7inde ba\u015fvurdu\u011fu halde \u00a01 ay i\u00e7inde i\u015fe ba\u015flatmayan i\u015fveren; i\u015f\u00e7iye en az d\u00f6rt ayl\u0131k ve en \u00e7ok sekiz ayl\u0131k \u00fccreti tutar\u0131nda tazminat \u00f6demekle y\u00fck\u00fcml\u00fc olur.<\/span>\n\n<span style=\"font-weight: 400;\">Esasen mahkeme veya \u00f6zel hakem feshin ge\u00e7ersizli\u011fine karar verdi\u011finde, i\u015f\u00e7inin i\u015fe ba\u015flat\u0131lmamas\u0131 halinde \u00f6denecek tazminat miktar\u0131n\u0131 da belirlemektedir.<\/span>\n\n<span style=\"font-weight: 400;\">Karar\u0131n kesinle\u015fmesine kadar \u00e7al\u0131\u015ft\u0131r\u0131lmad\u0131\u011f\u0131 s\u00fcre i\u00e7in i\u015f\u00e7iye en \u00e7ok d\u00f6rt aya kadar do\u011fmu\u015f bulunan \u00fccret ve di\u011fer haklar\u0131 \u00a0\u00f6denir.<\/span>\n\n<span style=\"font-weight: 400;\">\u0130\u015f\u00e7i i\u015fe ba\u015flat\u0131l\u0131rsa, pe\u015fin olarak \u00f6denen bildirim s\u00fcresine ait \u00fccret ile k\u0131dem tazminat\u0131, \u00a0\u0130\u015f Kanunu h\u00fck\u00fcmlerine g\u00f6re yap\u0131lacak olan bu \u00f6demeden mahsup edilir. \u0130\u015fe ba\u015flat\u0131lmayan i\u015f\u00e7iye bildirim s\u00fcresi verilmemi\u015f veya bildirim s\u00fcresine ait \u00fccret pe\u015fin \u00f6denmemi\u015fse, bu s\u00fcrelere ait \u00fccret tutar\u0131 ayr\u0131ca \u00f6denir.<\/span>\n<h3><strong>\u0130\u015eE \u0130ADE DAVASI SONU\u00c7LARI<\/strong><\/h3>\n<ol>\n \t<li style=\"font-weight: 400;\"><strong>\u0130\u015fe \u0130ade Davas\u0131 Mahkemece Reddedilirse Ne Olur?<\/strong><\/li>\n<\/ol>\n<span style=\"font-weight: 400;\">\u0130\u015f\u00e7inin iddialar\u0131 mahkeme taraf\u0131ndan ge\u00e7erli bulunmaz veyahut i\u015f s\u00f6zle\u015fmesi ge\u00e7erli bir nedene istinaden fesih edilmi\u015f olur ise i\u015fe iade davas\u0131 reddedilir ve bu ihtimalde i\u015f\u00e7inin i\u015fe iadesi s\u00f6z konusu olamaz.<\/span>\n<ol>\n \t<li style=\"font-weight: 400;\"><strong>\u0130\u015fe \u0130ade Davas\u0131 Mahkemece Kabul Edilirse Ne Olur?<\/strong><\/li>\n<\/ol>\n<span style=\"font-weight: 400;\">\u0130\u015f s\u00f6zle\u015fmesi i\u015fveren taraf\u0131ndan sebep g\u00f6sterilmeden ya da ge\u00e7ersiz sebeple feshedilen i\u015f\u00e7i, a\u00e7m\u0131\u015f oldu\u011fu i\u015fe iade davas\u0131n\u0131 kazand\u0131ktan sonra, ge\u00e7ersiz say\u0131lan fesih sebebi ile i\u015fe iadesini talep hakk\u0131na haizdir.<\/span>\n\n<span style=\"font-weight: 400;\">Mahkemenin verdi\u011fi feshin ge\u00e7ersizli\u011fine ve i\u015f\u00e7inin i\u015fine iadesine ili\u015fkin<\/span><b> karar\u0131n, i\u015f\u00e7iye tebli\u011finden itibaren 10 i\u015f g\u00fcn\u00fc i\u00e7inde i\u015fe ba\u015flamak \u00fczere, i\u015fverenine ba\u015fvurmas\u0131 gerekmektedir. Bu s\u00fcre hak d\u00fc\u015f\u00fcr\u00fcc\u00fcd\u00fcr.<\/b><span style=\"font-weight: 400;\"> \u0130\u015f\u00e7inin bu ba\u015fvurusu \u00fczerine i\u015fveren 1 ay i\u00e7erisinde i\u015f\u00e7i i\u015fe ba\u015flatmak zorundad\u0131r.<\/span>\n\nUsul\u00fcne uygun ba\u015fvurusuna ra\u011fmen, i\u015fveren i\u015f\u00e7iyi \u00a0bir ay i\u00e7inde i\u015fe ba\u015flatmaz ise, \u00a0i\u015f\u00e7iye i\u015f\u00e7inin \u00e7al\u0131\u015fmad\u0131\u011f\u0131 s\u00fcre i\u00e7in en az d\u00f6rt ayl\u0131k \u00fccretini ve i\u015f\u00e7inin sekiz ayl\u0131k \u00fccreti tutar\u0131nda i\u015fe ba\u015flatmama tazminat\u0131n\u0131 \u00f6demekle y\u00fck\u00fcml\u00fc olur.\n\n<span style=\"font-weight: 400;\"><strong>\u00a0<\/strong><\/span>\n\n<strong>\u0130\u015fe \u0130ade Davas\u0131n\u0131 Kazanan \u0130\u015f\u00e7i \u0130\u015fe Ba\u015flamaz \u0130se Ne Olur?<\/strong>\n\n<span style=\"font-weight: 400;\">\u0130\u015f\u00e7i kesinle\u015fen mahkeme veya \u00f6zel hakem<\/span><b> karar\u0131n\u0131n tebli\u011finden itibaren 10 \u00a0i\u015f g\u00fcn\u00fc i\u00e7inde i\u015fe ba\u015flamak i\u00e7in i\u015fverene ba\u015fvuruda bulunmak zorundad\u0131r.<\/b><span style=\"font-weight: 400;\"> \u0130\u015f\u00e7i bu s\u00fcre i\u00e7inde ba\u015fvuruda bulunmaz ise, i\u015fverence yap\u0131lm\u0131\u015f olan fesih ge\u00e7erli bir fesih say\u0131l\u0131r ve i\u015fveren sadece bunun hukuki sonu\u00e7lar\u0131 ile sorumlu olur.<\/span>\n\n<strong>\u0130\u015fveren \u0130\u015fe \u0130ade Davas\u0131n\u0131 Kazanan \u0130\u015f\u00e7iyi \u0130\u015fe Almazsa Ne Olur?<\/strong>\n\n<span style=\"font-weight: 400;\">\u0130\u015f\u00e7i s\u00fcresi i\u00e7inde i\u015fe ba\u015flat\u0131lmak i\u00e7in usul\u00fcne uygun i\u015fverene ba\u015fvurmas\u0131na ra\u011fmen, i\u015fverence 1 ay i\u00e7inde i\u015fe ba\u015flat\u0131lmaz ise; i\u015f s\u00f6zle\u015fmesi i\u015fverence bu tarihte sona erdirilmi\u015f say\u0131l\u0131r.<\/span>\n\n<span style=\"font-weight: 400;\">Ayr\u0131ca \u0130\u015f\u00e7inin ihbar ve k\u0131dem tazminat\u0131 bu tarihteki giydirilmi\u015f \u00fccret esas al\u0131narak hesaplan\u0131r. <\/span>\n\n<span style=\"font-weight: 400;\">Karar\u0131n kesinle\u015fmesine kadar en \u00e7ok 4 ayl\u0131k \u00fccrete tabi s\u00fcre i\u00e7inde meydana gelen zam ve tavan art\u0131\u015flar\u0131 da dikkate al\u0131n\u0131r.<\/span>\n\n<span style=\"font-weight: 400;\">\u0130\u015f g\u00fcvencesi tazminat\u0131 olarak adland\u0131r\u0131lan i\u015fe ba\u015flatmama tazminat\u0131 i\u015f\u00e7inin \u00e7\u0131plak br\u00fct \u00fccreti \u00fczerinden hesaplanmal\u0131d\u0131r.<\/span>\n\n<span style=\"font-weight: 400;\">Usul\u00fcne uygun ba\u015fvurusuna ra\u011fmen i\u015f\u00e7iyi s\u00fcresinde i\u015fe ba\u015flatmayan \u0130\u015fverenin i\u015fe ba\u015flatmama tazminat\u0131 \u00f6deme y\u00fck\u00fcml\u00fcl\u00fc\u011f\u00fc do\u011facakt\u0131r. Mahkemece 4 ile 8 ay aras\u0131ndaki bir s\u00fcre \u00fccreti tutar\u0131nda belirlenmesine karar verilen tazminat konusunda i\u015fveren temerr\u00fcde d\u00fc\u015fecektir. Bir ayl\u0131k i\u015fe ba\u015flatma s\u00fcresinin sona erdi\u011fi tarihte i\u015fe ba\u015flatmama tazminat\u0131n\u0131n \u00f6denmemesi durumunda faiz i\u015flemeye ba\u015flayacakt\u0131r ve bu bir ayl\u0131k s\u00fcrenin sonu zaman a\u015f\u0131m\u0131n\u0131n da ba\u015flang\u0131\u00e7 tarihi olacakt\u0131r.<\/span>\n\n<span style=\"font-weight: 400;\">Bu konuda Yarg\u0131tay g\u00fcncel kararlar\u0131 de\u011ferlendirildi\u011finde; i\u015f\u00e7i i\u015fe iade karar\u0131na ra\u011fmen, 1 ay i\u00e7inde i\u015fe ba\u015flat\u0131lmazsa, bu karar\u0131n i\u015f\u00e7iye tebli\u011f edildi\u011fi tarihte o i\u015f yerinde \u00e7al\u0131\u015fan emsal bir i\u015f\u00e7inin \u00fccreti hangi d\u00fczeye gelmi\u015f ise, o \u00fccret esas al\u0131narak 4 ile 8 ayl\u0131k br\u00fct \u00fccret tutar\u0131nda tazminat <\/span><span style=\"font-weight: 400;\">\u00f6denmelidir.<\/span>\n\n<img loading=\"lazy\" decoding=\"async\" class=\"alignnone wp-image-3663 size-full\" title=\"Ta\u015feron \u0130\u015f\u00e7ilerde \u0130\u015fe \u0130ade Davas\u0131 Nas\u0131l A\u00e7\u0131l\u0131r?\" src=\"https:\/\/www.celikavukatlik.com.tr\/wp-content\/uploads\/2018\/02\/ta\u015feron-i\u015f\u00e7ilerde-i\u015fe-iade-davas\u0131.jpg\" alt=\"ta\u015feron i\u015f\u00e7ilerde i\u015fe iade davas\u0131\" width=\"642\" height=\"282\" \/>\n<h3><strong>Ta\u015feron \u0130\u015f\u00e7ilerde \u0130\u015fe \u0130ade Davas\u0131 Nas\u0131l A\u00e7\u0131l\u0131r?<\/strong><\/h3>\n<span style=\"font-weight: 400;\">Ta\u015feron i\u015f\u00e7i, alt i\u015fveren taraf\u0131ndan sebep g\u00f6sterilmeksizin veya ge\u00e7ersiz sebebe istinaden i\u015ften \u00e7\u0131kar\u0131ld\u0131\u011f\u0131 i\u015fverence yap\u0131lan feshin kendisine tebli\u011f tarihinden itibaren 1 ay i\u00e7inde \u0130\u015f Mahkemesinde i\u015fe iade davas\u0131 a\u00e7ma hakk\u0131na sahiptir. Ancak i\u015fe iade davas\u0131 a\u00e7t\u0131\u011f\u0131 takdirde s\u00f6z konusu husumetin as\u0131l i\u015fverene mi yoksa ta\u015feron olan alt i\u015fverene mi y\u00f6neltilece\u011fi konusunda \u00e7ok fazla problem ya\u015famaktad\u0131r. Bu husus hukuki anlamda teknik bir konudur. Nitekim Ta\u015feron i\u015f\u00e7isi olarak muvazaa iddias\u0131 ile dava a\u00e7\u0131ld\u0131\u011f\u0131 takdirde, i\u015f\u00e7inin i\u015fe iade talebi as\u0131l i\u015fverene y\u00f6neltilmelidir. Muvazaa iddias\u0131n\u0131n \u00a0ispatlanmas\u0131 halinde de \u00a0ta\u015feron i\u015f\u00e7i, as\u0131l i\u015fverene i\u015fe ba\u015flama iradesini y\u00f6nlendirecektir.<\/span>\n\n<strong>\u0130\u015fe \u0130ade Davas\u0131nda \u0130spat Y\u00fck\u00fcml\u00fcl\u00fc\u011f\u00fc Kimdedir?<\/strong>\n\n<span style=\"font-weight: 400;\">\u0130\u015fe iade davas\u0131nda, feshin ge\u00e7erli bir nedene dayanarak yap\u0131ld\u0131\u011f\u0131n\u0131 ispat y\u00fck\u00fc kural olarak i\u015fverene aittir. Bilinmelidir ki i\u015f s\u00f6zle\u015fmesinin feshinin yaz\u0131l\u0131 yap\u0131lmas\u0131 yasal bir zorunluluktur. Yaz\u0131l\u0131 yap\u0131lan fesih i\u015f\u00e7i a\u00e7\u0131s\u0131nda ispat kolayl\u0131\u011f\u0131 sa\u011flamaktad\u0131r. \u0130\u015fverence bildirilen ge\u00e7erli nedenin ge\u00e7ersizli\u011fini veyahut i\u015f s\u00f6zle\u015fmesinin ba\u015fka bir nedene istinaden fesih edildi\u011fini ispat y\u00fck\u00fc i\u015f\u00e7iye aittir.<\/span>\n\n<span style=\"font-weight: 400;\"><strong>\u00a0<\/strong><\/span>\n\n<strong>\u0130\u015fe \u0130ade Davas\u0131 A\u00e7mak \u0130\u00e7in Avukat Yard\u0131m\u0131 Zorunlu Mudur?<\/strong>\n\n<span style=\"font-weight: 400;\">Kural olarak i\u015fe iade davas\u0131 a\u00e7mak i\u00e7in avukat tutmak zorunlulu\u011funuz bulunmamaktad\u0131r. Bununla birlikte \u00a0yasal haklar\u0131n\u0131z\u0131 \u00f6\u011frenerek herhangi bir hak kayb\u0131na u\u011framamak ve olas\u0131 bir ma\u011fduriyet ya\u015famamak ad\u0131na hukuki yard\u0131m alman\u0131z\u0131 tavsiye ederiz.<\/span>\n\n<img loading=\"lazy\" decoding=\"async\" class=\"alignnone wp-image-3667 size-full\" title=\"\u0130\u015fe \u0130ade Davas\u0131 Ne Kadar S\u00fcrer?\" src=\"https:\/\/www.celikavukatlik.com.tr\/wp-content\/uploads\/2018\/02\/\u0130\u015fe-\u0130ade-Davas\u0131-Ne-Kadar-S\u00fcrer.jpg\" alt=\"\u0130\u015fe \u0130ade Davas\u0131 Ne Kadar S\u00fcrer\" width=\"642\" height=\"282\" \/>\n<h2><strong>\u0130\u015fe \u0130ade Davas\u0131 Ne Kadar S\u00fcrer?<\/strong><\/h2>\n<span style=\"font-weight: 400;\">Kanun koyucu i\u015fe iade davas\u0131n\u0131n sonu\u00e7lanmas\u0131 bak\u0131m\u0131ndan belirli bir s\u00fcre takdir etmi\u015f ve \u00a0i\u015fe iade davas\u0131 a\u00e7an i\u015f\u00e7inin sosyal haklar\u0131n\u0131 korumak maksad\u0131 ile hareket etmi\u015ftir. Nitekim i\u015fe iade davas\u0131 \u0130\u015f Kanunu h\u00fck\u00fcmleri gere\u011fi 2 ay i\u00e7erisinde mahkemece sonu\u00e7land\u0131r\u0131lmal\u0131d\u0131r. \u00dcst mahkemeye temyiz ba\u015fvurular\u0131 da kural olarak 1 ay i\u00e7erisinde tamamlanmal\u0131d\u0131r. Ancak belirtmek gerekir ki \u00fclkemizde mahkemelerde duru\u015fma ve dosyalar\u0131n yo\u011funlu\u011fu nedeni ile maalesef yukar\u0131da belirtilen s\u00fcrelerde davan\u0131n sonu\u00e7lanmas\u0131 pek m\u00fcmk\u00fcn olmamaktad\u0131r.<\/span>\n\n<strong>\u0130\u015fe \u0130ade Davas\u0131 Hangi Mahkemede A\u00e7\u0131lmal\u0131d\u0131r?<\/strong>\n\n<span style=\"font-weight: 400;\">\u0130\u015fe iade davas\u0131 bak\u0131m\u0131ndan g\u00f6revli mahkeme \u0130\u015f Mahkemesidir. <\/span>Ancak uygulama bak\u0131m\u0131ndan olduk\u00e7a yeni olan i\u015f uyu\u015fmazl\u0131klar\u0131nda <b>zorunlu arabuluculuk<\/b> sistemine ge\u00e7ilmi\u015ftir. Buna g\u00f6re i\u015f s\u00f6zle\u015fmesi ge\u00e7ersiz bir sebebe istinaden fesih olunan i\u015f\u00e7i \u00f6ncelikli olarak arabulucuya ba\u015fvurmal\u0131d\u0131r.<b>(Detayl\u0131 bilgi i\u00e7in i\u015f uyu\u015fmazl\u0131klar\u0131nda zorunlu arabuluculuk ba\u015fl\u0131kl\u0131 yaz\u0131m\u0131z\u0131 okuman\u0131z\u0131 tavsiye ederiz.) <\/b>Yetki bak\u0131m\u0131ndan \u0130\u015f Mahkemeleri Kanunu h\u00fck\u00fcmleri gere\u011fince i\u015fe iade davas\u0131,<b> daval\u0131n\u0131n (i\u015fverenin) yerle\u015fim yeri <\/b>ya da <b>i\u015f yerinin ba\u011fl\u0131 oldu\u011fu yer \u00a0i\u015f mahkemesinde<\/b> a\u00e7\u0131labilecektir. Bunun aksi s\u00f6zle\u015fmeler kural olarak ge\u00e7ersizdir.\n<h3><strong>\u0130\u015fe \u0130ade Davas\u0131 Ne Zaman A\u00e7\u0131lmal\u0131d\u0131r?<\/strong><\/h3>\n<span style=\"font-weight: 400;\">Yukar\u0131da detayl\u0131 a\u00e7\u0131kland\u0131\u011f\u0131 \u00fczere i\u015f g\u00fcvencesi kapsam\u0131nda \u00e7al\u0131\u015fan i\u015f\u00e7i, <\/span><b>fesih bildiriminin kendisine tebli\u011f tarihinden itibaren 1 ay i\u00e7erisinde <\/b><span style=\"font-weight: 400;\">bu davay\u0131 a\u00e7mak zorundad\u0131r. Bilinmelidir ki bu s\u00fcre i\u00e7inde i\u015f\u00e7i dava a\u00e7mad\u0131\u011f\u0131 takdirde i\u015fe iade edilme hakk\u0131n\u0131 hukuk mahkemeleri \u00f6n\u00fcnde savunamayacakt\u0131r. <\/span>\n\n<span style=\"font-weight: 400;\">Yukar\u0131da detayl\u0131 bahsedilen hukuki meseleler dolay\u0131s\u0131 ile herhangi bir hak kayb\u0131na u\u011framamak ve olas\u0131 bir ma\u011fduriyet ya\u015faman\u0131z i\u00e7in i\u015f hukuku alan\u0131nda \u00e7al\u0131\u015fan bir avukattan hukuki yard\u0131m alman\u0131z \u00a0sizin i\u00e7in faydal\u0131 olacakt\u0131r. \u0130\u015fe iade davas\u0131 a\u00e7mak ve i\u015f hukukundan do\u011fan uyu\u015fmazl\u0131klar hakk\u0131nda detayl\u0131 bilgi almak i\u00e7in dilerseniz \u00c7elik Hukuk B\u00fcrosu ile ileti\u015fime ge\u00e7ebilirsiniz.<\/span>\n\n<hr \/>\n\n<strong>HUKUK\u0130 S\u00d6ZL\u00dcK<\/strong>\n\n<span style=\"font-weight: 400;\">*<strong>Hak d\u00fc\u015f\u00fcr\u00fcc\u00fc s\u00fcre:<\/strong> Mahkemeler taraf\u0131ndan resen dikkate al\u0131n\u0131r ve a\u015f\u0131lmas\u0131 halinde talep resen reddolunur.<\/span>\n\n<span style=\"font-weight: 400;\">*<strong>K\u0131dem: <\/strong>\u0130\u015f yerinde \u00e7al\u0131\u015fma s\u00fcresi<\/span>\n\n<span style=\"font-weight: 400;\">*<strong>Alti\u015fveren:\u00a0<\/strong>Bir i\u015fte veya bir i\u015fin b\u00f6l\u00fcm veya eklentilerinde i\u015fverenden i\u015f alan ve kendi ad\u0131na <\/span><span style=\"font-weight: 400;\">\u00a0\u00a0\u00a0 <\/span><span style=\"font-weight: 400;\">sigortal\u0131 \u00e7al\u0131\u015ft\u0131ran \u00fc\u00e7\u00fcnc\u00fc ki\u015fiye arac\u0131 denir. Ancak, uygulama ve doktrinde as\u0131l i\u015fverenle olan ili\u015fkiyi belirginle\u015ftirmek amac\u0131yla yasan\u0131n \u201carac\u0131\u201d olarak adland\u0131rd\u0131\u011f\u0131 ki\u015fiye \u201calt i\u015fveren\u201d ad\u0131 verilmektedir.<\/span>\n\n&nbsp;","protected":false},"excerpt":{"rendered":"\u0130\u015fe \u0130ade Davas\u0131 Nedir? \u0130\u015fe iade davas\u0131 i\u015f g\u00fcvencesini sa\u011flayan bir davad\u0131r. \u0130\u015f g\u00fcvencesi kapsam\u0131nda \u00e7al\u0131\u015fan bir i\u015f\u00e7i, i\u015f s\u00f6zle\u015fmesinin ge\u00e7ersiz bir nedene dayan\u0131larak feshedildi\u011fi kanaatinde ise \u0130\u015f Kanunu\u2019nun 20. Maddesi h\u00fck\u00fcmleri uyar\u0131nca, fesih bildiriminde sebep g\u00f6sterilmedi\u011fi veya g\u00f6sterilen sebebin&#8230;","protected":false},"author":1,"featured_media":4027,"comment_status":"open","ping_status":"open","sticky":false,"template":"","format":"standard","meta":{"footnotes":""},"categories":[19],"tags":[],"class_list":["post-3649","post","type-post","status-publish","format-standard","has-post-thumbnail","hentry","category-is-hukuku"],"yoast_head":"<!-- This site is optimized with the Yoast SEO plugin v24.3 - https:\/\/yoast.com\/wordpress\/plugins\/seo\/ -->\n<title>\u0130\u015fe \u0130ade Davas\u0131 Nas\u0131l A\u00e7\u0131l\u0131r ve \u015eartlar\u0131 Nelerdir? - \u00c7elik Avukatl\u0131k<\/title>\n<meta name=\"description\" content=\"\u0130\u015fe \u0130ade Davas\u0131 Nedir? \u0130\u015fe iade davas\u0131 i\u015f g\u00fcvencesini sa\u011flayan bir davad\u0131r. \u0130\u015f g\u00fcvencesi kapsam\u0131nda \u00e7al\u0131\u015fan bir i\u015f\u00e7i, i\u015f s\u00f6zle\u015fmesinin ge\u00e7ersiz bir nedene\" \/>\n<meta name=\"robots\" content=\"index, follow, max-snippet:-1, max-image-preview:large, max-video-preview:-1\" \/>\n<meta property=\"og:locale\" content=\"tr_TR\" \/>\n<meta property=\"og:type\" content=\"article\" \/>\n<meta property=\"og:title\" content=\"\u0130\u015fe \u0130ade Davas\u0131 Nas\u0131l A\u00e7\u0131l\u0131r ve \u015eartlar\u0131 Nelerdir? - \u00c7elik Avukatl\u0131k\" \/>\n<meta property=\"og:description\" content=\"\u0130\u015fe \u0130ade Davas\u0131 Nedir? \u0130\u015fe iade davas\u0131 i\u015f g\u00fcvencesini sa\u011flayan bir davad\u0131r. \u0130\u015f g\u00fcvencesi kapsam\u0131nda \u00e7al\u0131\u015fan bir i\u015f\u00e7i, i\u015f s\u00f6zle\u015fmesinin ge\u00e7ersiz bir nedene\" \/>\n<meta property=\"og:url\" content=\"https:\/\/celikavukatlik.com\/tr\/ise-iade-davasi-nasil-acilir-ve-sartlari-nelerdir\/\" \/>\n<meta property=\"og:site_name\" content=\"\u00c7elik Avukatl\u0131k\" \/>\n<meta property=\"article:published_time\" content=\"2018-02-13T06:56:51+00:00\" \/>\n<meta name=\"author\" content=\"admin\" \/>\n<meta name=\"twitter:card\" content=\"summary_large_image\" \/>\n<meta name=\"twitter:label1\" content=\"Yazan:\" \/>\n\t<meta name=\"twitter:data1\" content=\"admin\" \/>\n\t<meta name=\"twitter:label2\" content=\"Tahmini okuma s\u00fcresi\" \/>\n\t<meta name=\"twitter:data2\" content=\"10 dakika\" \/>\n<script type=\"application\/ld+json\" class=\"yoast-schema-graph\">{\"@context\":\"https:\/\/schema.org\",\"@graph\":[{\"@type\":\"WebPage\",\"@id\":\"https:\/\/celikavukatlik.com\/tr\/ise-iade-davasi-nasil-acilir-ve-sartlari-nelerdir\/\",\"url\":\"https:\/\/celikavukatlik.com\/tr\/ise-iade-davasi-nasil-acilir-ve-sartlari-nelerdir\/\",\"name\":\"\u0130\u015fe \u0130ade Davas\u0131 Nas\u0131l A\u00e7\u0131l\u0131r ve \u015eartlar\u0131 Nelerdir? - \u00c7elik Avukatl\u0131k\",\"isPartOf\":{\"@id\":\"https:\/\/celikavukatlik.com\/#website\"},\"primaryImageOfPage\":{\"@id\":\"https:\/\/celikavukatlik.com\/tr\/ise-iade-davasi-nasil-acilir-ve-sartlari-nelerdir\/#primaryimage\"},\"image\":{\"@id\":\"https:\/\/celikavukatlik.com\/tr\/ise-iade-davasi-nasil-acilir-ve-sartlari-nelerdir\/#primaryimage\"},\"thumbnailUrl\":\"\",\"datePublished\":\"2018-02-13T06:56:51+00:00\",\"dateModified\":\"2018-02-13T06:56:51+00:00\",\"author\":{\"@id\":\"https:\/\/celikavukatlik.com\/#\/schema\/person\/23046b562652cbb6934aef5cc85430b6\"},\"description\":\"\u0130\u015fe \u0130ade Davas\u0131 Nedir? \u0130\u015fe iade davas\u0131 i\u015f g\u00fcvencesini sa\u011flayan bir davad\u0131r. \u0130\u015f g\u00fcvencesi kapsam\u0131nda \u00e7al\u0131\u015fan bir i\u015f\u00e7i, i\u015f s\u00f6zle\u015fmesinin ge\u00e7ersiz bir nedene\",\"inLanguage\":\"tr\",\"potentialAction\":[{\"@type\":\"ReadAction\",\"target\":[\"https:\/\/celikavukatlik.com\/tr\/ise-iade-davasi-nasil-acilir-ve-sartlari-nelerdir\/\"]}]},{\"@type\":\"ImageObject\",\"inLanguage\":\"tr\",\"@id\":\"https:\/\/celikavukatlik.com\/tr\/ise-iade-davasi-nasil-acilir-ve-sartlari-nelerdir\/#primaryimage\",\"url\":\"\",\"contentUrl\":\"\"},{\"@type\":\"WebSite\",\"@id\":\"https:\/\/celikavukatlik.com\/#website\",\"url\":\"https:\/\/celikavukatlik.com\/\",\"name\":\"\u00c7elik Avukatl\u0131k\",\"description\":\"\",\"potentialAction\":[{\"@type\":\"SearchAction\",\"target\":{\"@type\":\"EntryPoint\",\"urlTemplate\":\"https:\/\/celikavukatlik.com\/?s={search_term_string}\"},\"query-input\":{\"@type\":\"PropertyValueSpecification\",\"valueRequired\":true,\"valueName\":\"search_term_string\"}}],\"inLanguage\":\"tr\"},{\"@type\":\"Person\",\"@id\":\"https:\/\/celikavukatlik.com\/#\/schema\/person\/23046b562652cbb6934aef5cc85430b6\",\"name\":\"admin\",\"image\":{\"@type\":\"ImageObject\",\"inLanguage\":\"tr\",\"@id\":\"https:\/\/celikavukatlik.com\/#\/schema\/person\/image\/\",\"url\":\"https:\/\/secure.gravatar.com\/avatar\/e20087e7ca30182a622897e0557cac9eb8b7273435c0130c75a2ad3bf2d5295f?s=96&d=mm&r=g\",\"contentUrl\":\"https:\/\/secure.gravatar.com\/avatar\/e20087e7ca30182a622897e0557cac9eb8b7273435c0130c75a2ad3bf2d5295f?s=96&d=mm&r=g\",\"caption\":\"admin\"},\"sameAs\":[\"https:\/\/celikavukatlik.com\"]}]}<\/script>\n<!-- \/ Yoast SEO plugin. -->","yoast_head_json":{"title":"\u0130\u015fe \u0130ade Davas\u0131 Nas\u0131l A\u00e7\u0131l\u0131r ve \u015eartlar\u0131 Nelerdir? - \u00c7elik Avukatl\u0131k","description":"\u0130\u015fe \u0130ade Davas\u0131 Nedir? \u0130\u015fe iade davas\u0131 i\u015f g\u00fcvencesini sa\u011flayan bir davad\u0131r. \u0130\u015f g\u00fcvencesi kapsam\u0131nda \u00e7al\u0131\u015fan bir i\u015f\u00e7i, i\u015f s\u00f6zle\u015fmesinin ge\u00e7ersiz bir nedene","robots":{"index":"index","follow":"follow","max-snippet":"max-snippet:-1","max-image-preview":"max-image-preview:large","max-video-preview":"max-video-preview:-1"},"og_locale":"tr_TR","og_type":"article","og_title":"\u0130\u015fe \u0130ade Davas\u0131 Nas\u0131l A\u00e7\u0131l\u0131r ve \u015eartlar\u0131 Nelerdir? - \u00c7elik Avukatl\u0131k","og_description":"\u0130\u015fe \u0130ade Davas\u0131 Nedir? \u0130\u015fe iade davas\u0131 i\u015f g\u00fcvencesini sa\u011flayan bir davad\u0131r. \u0130\u015f g\u00fcvencesi kapsam\u0131nda \u00e7al\u0131\u015fan bir i\u015f\u00e7i, i\u015f s\u00f6zle\u015fmesinin ge\u00e7ersiz bir nedene","og_url":"https:\/\/celikavukatlik.com\/tr\/ise-iade-davasi-nasil-acilir-ve-sartlari-nelerdir\/","og_site_name":"\u00c7elik Avukatl\u0131k","article_published_time":"2018-02-13T06:56:51+00:00","author":"admin","twitter_card":"summary_large_image","twitter_misc":{"Yazan:":"admin","Tahmini okuma s\u00fcresi":"10 dakika"},"schema":{"@context":"https:\/\/schema.org","@graph":[{"@type":"WebPage","@id":"https:\/\/celikavukatlik.com\/tr\/ise-iade-davasi-nasil-acilir-ve-sartlari-nelerdir\/","url":"https:\/\/celikavukatlik.com\/tr\/ise-iade-davasi-nasil-acilir-ve-sartlari-nelerdir\/","name":"\u0130\u015fe \u0130ade Davas\u0131 Nas\u0131l A\u00e7\u0131l\u0131r ve \u015eartlar\u0131 Nelerdir? - \u00c7elik Avukatl\u0131k","isPartOf":{"@id":"https:\/\/celikavukatlik.com\/#website"},"primaryImageOfPage":{"@id":"https:\/\/celikavukatlik.com\/tr\/ise-iade-davasi-nasil-acilir-ve-sartlari-nelerdir\/#primaryimage"},"image":{"@id":"https:\/\/celikavukatlik.com\/tr\/ise-iade-davasi-nasil-acilir-ve-sartlari-nelerdir\/#primaryimage"},"thumbnailUrl":"","datePublished":"2018-02-13T06:56:51+00:00","dateModified":"2018-02-13T06:56:51+00:00","author":{"@id":"https:\/\/celikavukatlik.com\/#\/schema\/person\/23046b562652cbb6934aef5cc85430b6"},"description":"\u0130\u015fe \u0130ade Davas\u0131 Nedir? \u0130\u015fe iade davas\u0131 i\u015f g\u00fcvencesini sa\u011flayan bir davad\u0131r. \u0130\u015f g\u00fcvencesi kapsam\u0131nda \u00e7al\u0131\u015fan bir i\u015f\u00e7i, i\u015f s\u00f6zle\u015fmesinin ge\u00e7ersiz bir nedene","inLanguage":"tr","potentialAction":[{"@type":"ReadAction","target":["https:\/\/celikavukatlik.com\/tr\/ise-iade-davasi-nasil-acilir-ve-sartlari-nelerdir\/"]}]},{"@type":"ImageObject","inLanguage":"tr","@id":"https:\/\/celikavukatlik.com\/tr\/ise-iade-davasi-nasil-acilir-ve-sartlari-nelerdir\/#primaryimage","url":"","contentUrl":""},{"@type":"WebSite","@id":"https:\/\/celikavukatlik.com\/#website","url":"https:\/\/celikavukatlik.com\/","name":"\u00c7elik Avukatl\u0131k","description":"","potentialAction":[{"@type":"SearchAction","target":{"@type":"EntryPoint","urlTemplate":"https:\/\/celikavukatlik.com\/?s={search_term_string}"},"query-input":{"@type":"PropertyValueSpecification","valueRequired":true,"valueName":"search_term_string"}}],"inLanguage":"tr"},{"@type":"Person","@id":"https:\/\/celikavukatlik.com\/#\/schema\/person\/23046b562652cbb6934aef5cc85430b6","name":"admin","image":{"@type":"ImageObject","inLanguage":"tr","@id":"https:\/\/celikavukatlik.com\/#\/schema\/person\/image\/","url":"https:\/\/secure.gravatar.com\/avatar\/e20087e7ca30182a622897e0557cac9eb8b7273435c0130c75a2ad3bf2d5295f?s=96&d=mm&r=g","contentUrl":"https:\/\/secure.gravatar.com\/avatar\/e20087e7ca30182a622897e0557cac9eb8b7273435c0130c75a2ad3bf2d5295f?s=96&d=mm&r=g","caption":"admin"},"sameAs":["https:\/\/celikavukatlik.com"]}]}},"_links":{"self":[{"href":"https:\/\/celikavukatlik.com\/tr\/wp-json\/wp\/v2\/posts\/3649","targetHints":{"allow":["GET"]}}],"collection":[{"href":"https:\/\/celikavukatlik.com\/tr\/wp-json\/wp\/v2\/posts"}],"about":[{"href":"https:\/\/celikavukatlik.com\/tr\/wp-json\/wp\/v2\/types\/post"}],"author":[{"embeddable":true,"href":"https:\/\/celikavukatlik.com\/tr\/wp-json\/wp\/v2\/users\/1"}],"replies":[{"embeddable":true,"href":"https:\/\/celikavukatlik.com\/tr\/wp-json\/wp\/v2\/comments?post=3649"}],"version-history":[{"count":0,"href":"https:\/\/celikavukatlik.com\/tr\/wp-json\/wp\/v2\/posts\/3649\/revisions"}],"wp:featuredmedia":[{"embeddable":true,"href":"https:\/\/celikavukatlik.com\/tr\/wp-json\/"}],"wp:attachment":[{"href":"https:\/\/celikavukatlik.com\/tr\/wp-json\/wp\/v2\/media?parent=3649"}],"wp:term":[{"taxonomy":"category","embeddable":true,"href":"https:\/\/celikavukatlik.com\/tr\/wp-json\/wp\/v2\/categories?post=3649"},{"taxonomy":"post_tag","embeddable":true,"href":"https:\/\/celikavukatlik.com\/tr\/wp-json\/wp\/v2\/tags?post=3649"}],"curies":[{"name":"wp","href":"https:\/\/api.w.org\/{rel}","templated":true}]}}