{"id":4558,"date":"2018-03-05T12:40:54","date_gmt":"2018-03-05T09:40:54","guid":{"rendered":"https:\/\/www.celikavukatlik.com.tr\/?p=4558"},"modified":"2018-03-05T12:40:54","modified_gmt":"2018-03-05T09:40:54","slug":"isyeri-ihtiyaci-nedeniyle-tahliye-davasi","status":"publish","type":"post","link":"https:\/\/celikavukatlik.com\/tr\/isyeri-ihtiyaci-nedeniyle-tahliye-davasi\/","title":{"rendered":"\u0130\u015fyeri \u0130htiyac\u0131 Nedeniyle Tahliye Davas\u0131"},"content":{"rendered":"<h3><b>\u0130\u015fyeri Nedir?<\/b><\/h3>\n<span style=\"font-weight: 400;\">\u0130\u015fyeri, ki\u015finin, ticar\u00ee, s\u0131na\u00ee, ekonomik ve meslek\u00ee faaliyetlerini y\u00fcr\u00fctt\u00fc\u011f\u00fc ya da mesle\u011finin icras\u0131na hizmet eden mek\u00e2n olarak tan\u0131mlanabilir.<\/span>\n<h3><b>Hangi Ko\u015fullarda Tahliye Davas\u0131 A\u00e7\u0131labilir?<\/b><\/h3>\n<span style=\"font-weight: 400;\">Kiraya veren ki\u015finin, kendisinin, e\u015finin, \u00e7ocuk veya torunlar\u0131n\u0131n yada \u00a0anne veya babas\u0131n\u0131n veyahut kanun gere\u011fi bakmakla y\u00fck\u00fcml\u00fc oldu\u011fu di\u011fer ki\u015filerin konut ya da i\u015fyeri gereksinimi sebebiyle kiralad\u0131\u011f\u0131 ta\u015f\u0131nmaz\u0131 kullanma zorunlulu\u011fu var ise , kiraya veren kirac\u0131n\u0131n tahliyesini talep edebilir. \u00a0Kiraya veren bu talebini tahliye davas\u0131 a\u00e7mak suretiyle, kirac\u0131ya kar\u015f\u0131 ileri s\u00fcrebilir.<\/span>\n\n<span style=\"font-weight: 400;\">Kiraya verenin konut veya i\u015fyeri ihtiyac\u0131 nedeniyle kirac\u0131n\u0131n tahliyesini talep edebilmesi i\u00e7in,<\/span>\n\n<span style=\"font-weight: 400;\">\u00f6ncelikli olarak bu ihtiyac\u0131n\u0131n \u00a0ger\u00e7ek ve samimi olmas\u0131 gerekmektedir. Tahliyeyi gerektiren ihtiyac\u0131n ger\u00e7ek ve samimi olup olmad\u0131\u011f\u0131 ise \u00a0her somut olay bak\u0131m\u0131ndan ayr\u0131ca de\u011ferlendirilir. \u0130htiyac\u0131n ger\u00e7ek ve samimi olmas\u0131n\u0131n yan\u0131 s\u0131ra s\u00fcrekli ve zorunlu da olmas\u0131 gerekir. Bu anlamda tahliyeyi gerektiren ihtiyac\u0131n ger\u00e7ek ve samimi olmas\u0131 ayn\u0131 zamanda s\u00fcrekli olmas\u0131 gerekir.<\/span>\n<h4><b>Tahliye Davas\u0131nda \u0130htiyac\u0131n ger\u00e7ek ve samimi olmas\u0131<\/b><\/h4>\n<span style=\"font-weight: 400;\">Yukar\u0131da detayl\u0131 belirtildi\u011fi \u00fczere, konut veya \u00e7at\u0131l\u0131 i\u015fyeri ihtiyac\u0131 nedeniyle tahliye davas\u0131 a\u00e7mak i\u00e7in bir tak\u0131m \u015fartlar\u0131n ger\u00e7ekle\u015fmesi gerekir. Bu \u015fartlardan biri de ihtiya\u00e7 nedeniyle tahliye talebinde bulunan ki\u015finin, s\u00f6z konusu ihtiyac\u0131n\u0131n ger\u00e7ek ve samimi olmas\u0131d\u0131r. Bu anlamda ihtiyac\u0131n ger\u00e7ek ve samimi olup olmad\u0131\u011f\u0131 her somut olay \u00f6zelinde ve ayr\u0131ca de\u011ferlendirilmelidir. \u00d6rne\u011fin bir kimse kendi \u00e7al\u0131\u015ft\u0131\u011f\u0131 i\u015fyerinin y\u0131k\u0131lmas\u0131 \u00fczerine, daha evvel kiraya verdi\u011fi i\u015fyerinin tahliyesini oraya ta\u015f\u0131nmak ve art\u0131k i\u015fletmesine ili\u015fkin i\u015f ve i\u015flemleri oradan y\u00fcr\u00fctmek maksad\u0131 ile talep edebilir. Zira hali haz\u0131rda i\u015flerini y\u00fcr\u00fctt\u00fc\u011f\u00fc yer y\u0131k\u0131lm\u0131\u015ft\u0131r veya yanm\u0131\u015ft\u0131r bu nedenle kendisi bak\u0131m\u0131ndan bir ihtiya\u00e7 vas\u0131l olmu\u015ftur.<\/span>\n<h5><b>Tahliye Davas\u0131nda \u0130htiyac\u0131n s\u00fcrekli ve zorunlu olmas\u0131<\/b><\/h5>\n<span style=\"font-weight: 400;\">Yukar\u0131da detayl\u0131 belirtildi\u011fi \u00fczere, konut veya \u00e7at\u0131l\u0131 i\u015fyeri ihtiyac\u0131 nedeniyle tahliye davas\u0131 a\u00e7mak i\u00e7in bir tak\u0131m \u015fartlar\u0131n ger\u00e7ekle\u015fmesi gerekir. Bu \u015fartlardan biri de ihtiya\u00e7 sebebi ile a\u00e7\u0131lacak tahliye davas\u0131nda, s\u00f6z konusu ihtiyac\u0131n s\u00fcrekli ve zorunlu olmas\u0131d\u0131r. Bu hususa uygulamada Yarg\u0131tay kararlar\u0131nda \u00e7ok\u00e7a de\u011finilmektedir. Dolay\u0131s\u0131 ise tahliye talebini gerektiren ihtiyac\u0131 ge\u00e7ici ve bir s\u00fcreli\u011fine olan yada ba\u015fka bir alternatifle ge\u00e7i\u015ftirilebilecek olan bir ihtiya\u00e7 olmas\u0131 halinde s\u00fcrekli ve zorunlu olmad\u0131\u011f\u0131 s\u00f6ylenebilir. \u00d6rne\u011fin tahliye talep eden ki\u015fiye bir 3 ayl\u0131\u011f\u0131na bir depo laz\u0131m olmu\u015ftur. Ki\u015fi daha evvel kiraya verdi\u011fi i\u015fyerinin tahliyesini talep etmek suretiyle oray\u0131 ge\u00e7ici olarak depo yapmak istemektedir. Bu durumda tahliye talep edenin s\u00fcrekli ve zorunlu bir ihtiyac\u0131 olmad\u0131\u011f\u0131 keza ba\u015fka bir mekan\u0131da \u00fc\u00e7 ay i\u00e7in depo olarak kiralayabilece\u011fi s\u00f6ylenebilir.<\/span>\n<h5><b>Ta\u015f\u0131nmaz Tahliye Edildikten Sonra Ba\u015fkas\u0131na Kiralan\u0131rsa Ne Olur?<\/b><\/h5>\n<span style=\"font-weight: 400;\">Kural olarak, tahliye davas\u0131 a\u00e7mak suretiyle ta\u015f\u0131nmaz\u0131 tahliye ettiren mal sahibi, tahliye ettirmi\u015f oldu\u011fu bu ta\u015f\u0131nmaz\u0131 hakl\u0131 bir sebep olmad\u0131k\u00e7a, 3 y\u0131l s\u00fcre ile eski kirac\u0131s\u0131ndan ba\u015fka bir ki\u015fiye veya kuruma kiralayamaz. \u015eayet ta\u015f\u0131nmaz\u0131 tahliye ettiren, hakl\u0131 bir sebep olmaks\u0131z\u0131n eski kirac\u0131s\u0131ndan ba\u015fka birine ta\u015f\u0131nmaz\u0131 kiraya verirse, i\u015fbu halde eski kirac\u0131n\u0131n tahliye nedeniyle u\u011frad\u0131\u011f\u0131 zararlar\u0131n\u0131 tazmin etmekle y\u00fck\u00fcml\u00fc olacakt\u0131r. Eski kirac\u0131 a\u00e7aca\u011f\u0131 bir dava ile tazminat taleplerini mal sahibine kar\u015f\u0131 ileri s\u00fcrebilme hakk\u0131na sahiptir.<\/span>\n<h2><b>\u0130\u015fyeri \u0130htiyac\u0131 Nedeniyle Tahliye Davas\u0131 Nedir?<\/b><\/h2>\n<span style=\"font-weight: 400;\">\u0130\u015fyeri ihtiyac\u0131 nedeniyle a\u00e7\u0131lacak tahliye davas\u0131, \u00a0tahliye talebinde bulunan\u0131n i\u015fyerini kendisinin, e\u015finin veya \u00e7ocuklar\u0131n\u0131n bir meslek veya bir sanat\u0131 \u00a0icra etmeleri i\u00e7in kullanma ihtiyac\u0131ndan kaynaklanmaktad\u0131r. \u0130\u015fyeri ihtiyac\u0131 nedeniyle a\u00e7\u0131lacak tahliye davalar\u0131nda, tahliyeyi gerektiren ihtiyac\u0131n ger\u00e7ek ve samimi ayn\u0131 zamanda zorunlu ve s\u00fcrekli bir ihtiya\u00e7 olmas\u0131 gerekmektedir. \u00d6rne\u011fin, mali m\u00fc\u015favirlik ofisi ihtiyac\u0131 nedeniyle, daha evvel kiraya verdi\u011fi i\u015fyerini \u00a0kirac\u0131s\u0131n\u0131n tahliye etmesini talep eden i\u015fyeri sahibinin bu ihtiyac\u0131n\u0131n ger\u00e7ek ve samimi olmas\u0131 i\u00e7in mali m\u00fc\u015favir olmas\u0131 gereklidir. Bu nedene istinaden a\u00e7\u0131lacak tahliye davas\u0131 da i\u015fyeri ihtiyac\u0131 nedeniyle a\u00e7\u0131lacak tahliye davas\u0131 olarak ifade edilmektedir.<\/span>\n<h3><b>\u0130htiya\u00e7 Nedeniyle A\u00e7\u0131lan Tahliye Davas\u0131 Ne Kadar S\u00fcrer? <\/b><\/h3>\n<span style=\"font-weight: 400;\">Bu hususa ili\u015fkin olarak kesin bir s\u00fcre belirtmek m\u00fcmk\u00fcn de\u011fildir. \u0130htiya\u00e7 nedeniyle a\u00e7\u0131lan tahliye davas\u0131, davan\u0131n a\u00e7\u0131ld\u0131\u011f\u0131 adliye ve mahkemenin yo\u011funlu\u011fu da g\u00f6zetilerek 2-3 ay i\u00e7erisinde sonu\u00e7lanmaktad\u0131r. Fakat bu s\u00fcreler davan\u0131n a\u00e7\u0131ld\u0131\u011f\u0131 mahkemenin i\u015f y\u00fck\u00fc yo\u011funlu\u011funa g\u00f6re de\u011fi\u015fece\u011finden kesin bir s\u00fcre belirtmek m\u00fcmk\u00fcn de\u011fildir.<\/span>\n\n<b>Tahliye Davas\u0131 Yetkili ve G\u00f6revli Mahkeme<\/b>\n\n<span style=\"font-weight: 400;\">\u0130htiya\u00e7 nedeniyle a\u00e7\u0131lacak tahliye davalar\u0131 bak\u0131m\u0131ndan g\u00f6revli mahkeme Sulh Hukuk Mahkemeleridir.<\/span>\n\n<span style=\"font-weight: 400;\">Yetkili mahkeme kira s\u00f6zle\u015fmesinde, yetkiye ili\u015fkin esaslar belirtildi ise o yer mahkemesi, bu y\u00f6nde bir anla\u015fma bulunmamas\u0131 halinde daval\u0131n\u0131n yerle\u015fim yeri mahkemesidir.<\/span>\n<h2><b>Tahliye Davas\u0131 ne zaman a\u00e7\u0131l\u0131r? <\/b><\/h2>\n<span style=\"font-weight: 400;\">Davan\u0131 \u00a0a\u00e7\u0131laca\u011f\u0131 tarih kira s\u00f6zle\u015fmesinin belirli yada belirsiz s\u00fcreli kira s\u00f6zle\u015fmesi olmas\u0131na g\u00f6re de\u011fi\u015fmektedir. Bu anlamda \u015fayet belirli s\u00fcreli kira s\u00f6zle\u015fmesi s\u00f6z konusu ise, kira d\u00f6neminin sonunda bir dava ile tahliye talebi ileri s\u00fcr\u00fclebilir.<\/span>\n\n<span style=\"font-weight: 400;\">\u015eayet belirsiz s\u00fcreli bir kira s\u00f6zle\u015fmesi s\u00f6z konusu ise ve ayn\u0131 zamanda tahliyesi talep olunan ta\u015f\u0131nmaz bir konut niteli\u011finde ise, tahliyeyi talep eden bak\u0131m\u0131ndan fesih bildirim surelerine uyulmak suretiyle belirlenen fesih tarihinden itibaren 1 ay i\u00e7erisinde a\u00e7\u0131lacak bir dava ile ileri s\u00fcr\u00fclebilir.<\/span>\n<h3><b>Tahliye Davas\u0131 S\u00fcre Ka\u00e7arsa Ne Yap\u0131labilir?<\/b><\/h3>\n<span style=\"font-weight: 400;\">Belirsiz s\u00fcreli bir kira s\u00f6zle\u015fmesi s\u00f6z konusu ise ve ayn\u0131 zamanda tahliyesi talep olunan ta\u015f\u0131nmaz bir konut niteli\u011finde ise, tahliyeyi talep eden bak\u0131m\u0131ndan fesih bildirim surelerine uyulmak suretiyle belirlenen fesih tarihinden itibaren 1 ay i\u00e7erisinde a\u00e7\u0131lacak bir dava ile ta\u015f\u0131nmaz\u0131n tahliyesi talebi ileri s\u00fcr\u00fclebilir. Fakat bir ayl\u0131k s\u00fcre ge\u00e7irildi ise o halde daha sonra tahliye davas\u0131 a\u00e7mak isteyen mal sahibi, kira s\u00f6zle\u015fmesinin art\u0131k uzat\u0131lmayaca\u011f\u0131n\u0131 kirac\u0131ya bildirmek sureti ile d\u00f6nem sonuna kadar a\u00e7aca\u011f\u0131 bir dava ile ta\u015f\u0131nmaz\u0131n tahliyesini ger\u00e7ekle\u015ftirebilir<\/span>\n\n<hr \/>\n\n<strong>Hukuki S\u00f6zl\u00fck<\/strong>\n\n&nbsp;\n\n<span style=\"font-weight: 400;\"><strong>\u0130\u015fyeri:<\/strong> Ticari ve s\u0131nai faaliyetlerin y\u00fcr\u00fct\u00fcld\u00fc\u011f\u00fc yerdir.<\/span>\n\n<span style=\"font-weight: 400;\"><strong>Tahliye:<\/strong> Ta\u015f\u0131nmaz\u0131n icra yolu ile bo\u015falt\u0131lmas\u0131d\u0131r.<\/span>\n\n<span style=\"font-weight: 400;\"><strong>Konut:<\/strong>\u00a0<\/span><span style=\"font-weight: 400;\">Bir kimsenin i\u00e7inde yat\u0131p kalkt\u0131\u011f\u0131, i\u015f zaman\u0131 d\u0131\u015f\u0131nda e\u011fle\u015fti\u011fi, genellikle i\u00e7inde aile olarak oturdu\u011fu, s\u00fcrekli olarak bar\u0131nd\u0131\u011f\u0131 ev, apartman dairesi gibi yerdir.<\/span>\n\n&nbsp;","protected":false},"excerpt":{"rendered":"\u0130\u015fyeri Nedir? \u0130\u015fyeri, ki\u015finin, ticar\u00ee, s\u0131na\u00ee, ekonomik ve meslek\u00ee faaliyetlerini y\u00fcr\u00fctt\u00fc\u011f\u00fc ya da mesle\u011finin icras\u0131na hizmet eden mek\u00e2n olarak tan\u0131mlanabilir. Hangi Ko\u015fullarda Tahliye Davas\u0131 A\u00e7\u0131labilir? Kiraya veren ki\u015finin, kendisinin, e\u015finin, \u00e7ocuk veya torunlar\u0131n\u0131n yada \u00a0anne veya babas\u0131n\u0131n veyahut kanun gere\u011fi&#8230;","protected":false},"author":1,"featured_media":4560,"comment_status":"open","ping_status":"open","sticky":false,"template":"","format":"standard","meta":{"footnotes":""},"categories":[17],"tags":[],"class_list":["post-4558","post","type-post","status-publish","format-standard","has-post-thumbnail","hentry","category-kira-hukuku"],"yoast_head":"<!-- This site is optimized with the Yoast SEO plugin v24.3 - https:\/\/yoast.com\/wordpress\/plugins\/seo\/ -->\n<title>\u0130\u015fyeri \u0130htiyac\u0131 Nedeniyle Tahliye Davas\u0131 - \u00c7elik Avukatl\u0131k<\/title>\n<meta name=\"description\" content=\"\u0130\u015fyeri Nedir? \u0130\u015fyeri, ki\u015finin, ticar\u00ee, s\u0131na\u00ee, ekonomik ve meslek\u00ee faaliyetlerini y\u00fcr\u00fctt\u00fc\u011f\u00fc ya da mesle\u011finin icras\u0131na hizmet eden mek\u00e2n olarak\" \/>\n<meta name=\"robots\" content=\"index, follow, max-snippet:-1, max-image-preview:large, max-video-preview:-1\" \/>\n<meta property=\"og:locale\" content=\"tr_TR\" \/>\n<meta property=\"og:type\" content=\"article\" \/>\n<meta property=\"og:title\" content=\"\u0130\u015fyeri \u0130htiyac\u0131 Nedeniyle Tahliye Davas\u0131 - \u00c7elik Avukatl\u0131k\" \/>\n<meta property=\"og:description\" content=\"\u0130\u015fyeri Nedir? \u0130\u015fyeri, ki\u015finin, ticar\u00ee, s\u0131na\u00ee, ekonomik ve meslek\u00ee faaliyetlerini y\u00fcr\u00fctt\u00fc\u011f\u00fc ya da mesle\u011finin icras\u0131na hizmet eden mek\u00e2n olarak\" \/>\n<meta property=\"og:url\" content=\"https:\/\/celikavukatlik.com\/tr\/isyeri-ihtiyaci-nedeniyle-tahliye-davasi\/\" \/>\n<meta property=\"og:site_name\" content=\"\u00c7elik Avukatl\u0131k\" \/>\n<meta property=\"article:published_time\" content=\"2018-03-05T09:40:54+00:00\" \/>\n<meta name=\"author\" content=\"admin\" \/>\n<meta name=\"twitter:card\" content=\"summary_large_image\" \/>\n<meta name=\"twitter:label1\" content=\"Yazan:\" \/>\n\t<meta name=\"twitter:data1\" content=\"admin\" \/>\n\t<meta name=\"twitter:label2\" content=\"Tahmini okuma s\u00fcresi\" \/>\n\t<meta name=\"twitter:data2\" content=\"6 dakika\" \/>\n<script type=\"application\/ld+json\" class=\"yoast-schema-graph\">{\"@context\":\"https:\/\/schema.org\",\"@graph\":[{\"@type\":\"WebPage\",\"@id\":\"https:\/\/celikavukatlik.com\/tr\/isyeri-ihtiyaci-nedeniyle-tahliye-davasi\/\",\"url\":\"https:\/\/celikavukatlik.com\/tr\/isyeri-ihtiyaci-nedeniyle-tahliye-davasi\/\",\"name\":\"\u0130\u015fyeri \u0130htiyac\u0131 Nedeniyle Tahliye Davas\u0131 - \u00c7elik Avukatl\u0131k\",\"isPartOf\":{\"@id\":\"https:\/\/celikavukatlik.com\/#website\"},\"primaryImageOfPage\":{\"@id\":\"https:\/\/celikavukatlik.com\/tr\/isyeri-ihtiyaci-nedeniyle-tahliye-davasi\/#primaryimage\"},\"image\":{\"@id\":\"https:\/\/celikavukatlik.com\/tr\/isyeri-ihtiyaci-nedeniyle-tahliye-davasi\/#primaryimage\"},\"thumbnailUrl\":\"\",\"datePublished\":\"2018-03-05T09:40:54+00:00\",\"dateModified\":\"2018-03-05T09:40:54+00:00\",\"author\":{\"@id\":\"https:\/\/celikavukatlik.com\/#\/schema\/person\/23046b562652cbb6934aef5cc85430b6\"},\"description\":\"\u0130\u015fyeri Nedir? \u0130\u015fyeri, ki\u015finin, ticar\u00ee, s\u0131na\u00ee, ekonomik ve meslek\u00ee faaliyetlerini y\u00fcr\u00fctt\u00fc\u011f\u00fc ya da mesle\u011finin icras\u0131na hizmet eden mek\u00e2n olarak\",\"inLanguage\":\"tr\",\"potentialAction\":[{\"@type\":\"ReadAction\",\"target\":[\"https:\/\/celikavukatlik.com\/tr\/isyeri-ihtiyaci-nedeniyle-tahliye-davasi\/\"]}]},{\"@type\":\"ImageObject\",\"inLanguage\":\"tr\",\"@id\":\"https:\/\/celikavukatlik.com\/tr\/isyeri-ihtiyaci-nedeniyle-tahliye-davasi\/#primaryimage\",\"url\":\"\",\"contentUrl\":\"\"},{\"@type\":\"WebSite\",\"@id\":\"https:\/\/celikavukatlik.com\/#website\",\"url\":\"https:\/\/celikavukatlik.com\/\",\"name\":\"\u00c7elik Avukatl\u0131k\",\"description\":\"\",\"potentialAction\":[{\"@type\":\"SearchAction\",\"target\":{\"@type\":\"EntryPoint\",\"urlTemplate\":\"https:\/\/celikavukatlik.com\/?s={search_term_string}\"},\"query-input\":{\"@type\":\"PropertyValueSpecification\",\"valueRequired\":true,\"valueName\":\"search_term_string\"}}],\"inLanguage\":\"tr\"},{\"@type\":\"Person\",\"@id\":\"https:\/\/celikavukatlik.com\/#\/schema\/person\/23046b562652cbb6934aef5cc85430b6\",\"name\":\"admin\",\"image\":{\"@type\":\"ImageObject\",\"inLanguage\":\"tr\",\"@id\":\"https:\/\/celikavukatlik.com\/#\/schema\/person\/image\/\",\"url\":\"https:\/\/secure.gravatar.com\/avatar\/e20087e7ca30182a622897e0557cac9eb8b7273435c0130c75a2ad3bf2d5295f?s=96&d=mm&r=g\",\"contentUrl\":\"https:\/\/secure.gravatar.com\/avatar\/e20087e7ca30182a622897e0557cac9eb8b7273435c0130c75a2ad3bf2d5295f?s=96&d=mm&r=g\",\"caption\":\"admin\"},\"sameAs\":[\"https:\/\/celikavukatlik.com\"]}]}<\/script>\n<!-- \/ Yoast SEO plugin. -->","yoast_head_json":{"title":"\u0130\u015fyeri \u0130htiyac\u0131 Nedeniyle Tahliye Davas\u0131 - \u00c7elik Avukatl\u0131k","description":"\u0130\u015fyeri Nedir? \u0130\u015fyeri, ki\u015finin, ticar\u00ee, s\u0131na\u00ee, ekonomik ve meslek\u00ee faaliyetlerini y\u00fcr\u00fctt\u00fc\u011f\u00fc ya da mesle\u011finin icras\u0131na hizmet eden mek\u00e2n olarak","robots":{"index":"index","follow":"follow","max-snippet":"max-snippet:-1","max-image-preview":"max-image-preview:large","max-video-preview":"max-video-preview:-1"},"og_locale":"tr_TR","og_type":"article","og_title":"\u0130\u015fyeri \u0130htiyac\u0131 Nedeniyle Tahliye Davas\u0131 - \u00c7elik Avukatl\u0131k","og_description":"\u0130\u015fyeri Nedir? \u0130\u015fyeri, ki\u015finin, ticar\u00ee, s\u0131na\u00ee, ekonomik ve meslek\u00ee faaliyetlerini y\u00fcr\u00fctt\u00fc\u011f\u00fc ya da mesle\u011finin icras\u0131na hizmet eden mek\u00e2n olarak","og_url":"https:\/\/celikavukatlik.com\/tr\/isyeri-ihtiyaci-nedeniyle-tahliye-davasi\/","og_site_name":"\u00c7elik Avukatl\u0131k","article_published_time":"2018-03-05T09:40:54+00:00","author":"admin","twitter_card":"summary_large_image","twitter_misc":{"Yazan:":"admin","Tahmini okuma s\u00fcresi":"6 dakika"},"schema":{"@context":"https:\/\/schema.org","@graph":[{"@type":"WebPage","@id":"https:\/\/celikavukatlik.com\/tr\/isyeri-ihtiyaci-nedeniyle-tahliye-davasi\/","url":"https:\/\/celikavukatlik.com\/tr\/isyeri-ihtiyaci-nedeniyle-tahliye-davasi\/","name":"\u0130\u015fyeri \u0130htiyac\u0131 Nedeniyle Tahliye Davas\u0131 - \u00c7elik Avukatl\u0131k","isPartOf":{"@id":"https:\/\/celikavukatlik.com\/#website"},"primaryImageOfPage":{"@id":"https:\/\/celikavukatlik.com\/tr\/isyeri-ihtiyaci-nedeniyle-tahliye-davasi\/#primaryimage"},"image":{"@id":"https:\/\/celikavukatlik.com\/tr\/isyeri-ihtiyaci-nedeniyle-tahliye-davasi\/#primaryimage"},"thumbnailUrl":"","datePublished":"2018-03-05T09:40:54+00:00","dateModified":"2018-03-05T09:40:54+00:00","author":{"@id":"https:\/\/celikavukatlik.com\/#\/schema\/person\/23046b562652cbb6934aef5cc85430b6"},"description":"\u0130\u015fyeri Nedir? \u0130\u015fyeri, ki\u015finin, ticar\u00ee, s\u0131na\u00ee, ekonomik ve meslek\u00ee faaliyetlerini y\u00fcr\u00fctt\u00fc\u011f\u00fc ya da mesle\u011finin icras\u0131na hizmet eden mek\u00e2n olarak","inLanguage":"tr","potentialAction":[{"@type":"ReadAction","target":["https:\/\/celikavukatlik.com\/tr\/isyeri-ihtiyaci-nedeniyle-tahliye-davasi\/"]}]},{"@type":"ImageObject","inLanguage":"tr","@id":"https:\/\/celikavukatlik.com\/tr\/isyeri-ihtiyaci-nedeniyle-tahliye-davasi\/#primaryimage","url":"","contentUrl":""},{"@type":"WebSite","@id":"https:\/\/celikavukatlik.com\/#website","url":"https:\/\/celikavukatlik.com\/","name":"\u00c7elik Avukatl\u0131k","description":"","potentialAction":[{"@type":"SearchAction","target":{"@type":"EntryPoint","urlTemplate":"https:\/\/celikavukatlik.com\/?s={search_term_string}"},"query-input":{"@type":"PropertyValueSpecification","valueRequired":true,"valueName":"search_term_string"}}],"inLanguage":"tr"},{"@type":"Person","@id":"https:\/\/celikavukatlik.com\/#\/schema\/person\/23046b562652cbb6934aef5cc85430b6","name":"admin","image":{"@type":"ImageObject","inLanguage":"tr","@id":"https:\/\/celikavukatlik.com\/#\/schema\/person\/image\/","url":"https:\/\/secure.gravatar.com\/avatar\/e20087e7ca30182a622897e0557cac9eb8b7273435c0130c75a2ad3bf2d5295f?s=96&d=mm&r=g","contentUrl":"https:\/\/secure.gravatar.com\/avatar\/e20087e7ca30182a622897e0557cac9eb8b7273435c0130c75a2ad3bf2d5295f?s=96&d=mm&r=g","caption":"admin"},"sameAs":["https:\/\/celikavukatlik.com"]}]}},"_links":{"self":[{"href":"https:\/\/celikavukatlik.com\/tr\/wp-json\/wp\/v2\/posts\/4558","targetHints":{"allow":["GET"]}}],"collection":[{"href":"https:\/\/celikavukatlik.com\/tr\/wp-json\/wp\/v2\/posts"}],"about":[{"href":"https:\/\/celikavukatlik.com\/tr\/wp-json\/wp\/v2\/types\/post"}],"author":[{"embeddable":true,"href":"https:\/\/celikavukatlik.com\/tr\/wp-json\/wp\/v2\/users\/1"}],"replies":[{"embeddable":true,"href":"https:\/\/celikavukatlik.com\/tr\/wp-json\/wp\/v2\/comments?post=4558"}],"version-history":[{"count":0,"href":"https:\/\/celikavukatlik.com\/tr\/wp-json\/wp\/v2\/posts\/4558\/revisions"}],"wp:featuredmedia":[{"embeddable":true,"href":"https:\/\/celikavukatlik.com\/tr\/wp-json\/"}],"wp:attachment":[{"href":"https:\/\/celikavukatlik.com\/tr\/wp-json\/wp\/v2\/media?parent=4558"}],"wp:term":[{"taxonomy":"category","embeddable":true,"href":"https:\/\/celikavukatlik.com\/tr\/wp-json\/wp\/v2\/categories?post=4558"},{"taxonomy":"post_tag","embeddable":true,"href":"https:\/\/celikavukatlik.com\/tr\/wp-json\/wp\/v2\/tags?post=4558"}],"curies":[{"name":"wp","href":"https:\/\/api.w.org\/{rel}","templated":true}]}}