{"id":4587,"date":"2018-03-06T11:27:16","date_gmt":"2018-03-06T08:27:16","guid":{"rendered":"https:\/\/www.celikavukatlik.com.tr\/?p=4587"},"modified":"2018-03-06T11:27:16","modified_gmt":"2018-03-06T08:27:16","slug":"kasten-adam-oldurme-sucu","status":"publish","type":"post","link":"https:\/\/celikavukatlik.com\/tr\/kasten-adam-oldurme-sucu\/","title":{"rendered":"Kasten Adam \u00d6ld\u00fcrme Su\u00e7u"},"content":{"rendered":"<h3><b>Kasten Adam \u00d6ld\u00fcrme Su\u00e7u Nedir?<\/b><\/h3>\n<span style=\"font-weight: 400;\">Devletin, kurulu\u015f ama\u00e7lar\u0131ndan ve temel yap\u0131 ta\u015flar\u0131ndan bir olan hukuk sistemi ile korumay\u0131 hedefledi\u011fi en \u00f6nemli hak bireylerin ya\u015fam hakk\u0131d\u0131r. Ya\u015fam hakk\u0131 ki\u015finin do\u011fu\u015ftan sahip oldu\u011fu en m\u00fchim do\u011fal haklar\u0131ndan birini ifade etmektedir. Bu nedenle hukuk sistemleri, bireylerin ya\u015fam hakk\u0131na sald\u0131r\u0131da bulunan ki\u015filer bak\u0131m\u0131ndan \u00e7ok a\u011f\u0131r yapt\u0131r\u0131mlar \u00f6ng\u00f6rm\u00fc\u015ft\u00fcr. Nitekim, \u00fclkemizde de buna benzer \u015fekilde, \u00f6ld\u00fcrme su\u00e7lar\u0131 bak\u0131m\u0131ndan uygulanacak yapt\u0131r\u0131m, 2002 y\u0131l\u0131na kadar idam cezas\u0131 verilmesi \u015feklinde \u00f6ng\u00f6r\u00fclm\u00fc\u015ft\u00fc.<\/span>\n\n<span style=\"font-weight: 400;\">2002 y\u0131l\u0131nda Avrupa Birli\u011fi\u2019ne uyum s\u00fcrecinde yap\u0131lan kanun de\u011fi\u015fikli\u011fi ile idam cezas\u0131 kald\u0131r\u0131lm\u0131\u015ft\u0131r. Akabinde, T\u00fcrk Ceza Kanunu\u2019nun 81. Maddesi h\u00fckm\u00fcnde yap\u0131lan d\u00fczenleme ile bir insan\u0131, kasten \u00f6ld\u00fcren ki\u015fi m\u00fcebbet hapis cezas\u0131 ile cezaland\u0131r\u0131l\u0131r. Fakat g\u00fcn\u00fcm\u00fczde \u00f6zellikle baz\u0131 a\u011f\u0131r su\u00e7lar bak\u0131m\u0131ndan idam cezas\u0131n\u0131n yeniden getirilmesine ili\u015fkin tart\u0131\u015fmalar\u0131n devam etti\u011fi g\u00f6r\u00fclmektedir.<\/span>\n<h2><b>Kasten Adam \u00d6ld\u00fcrme Su\u00e7unun Cezas\u0131 Nedir?<\/b><\/h2>\n<span style=\"font-weight: 400;\">T\u00fcrk Ceza Kanunu\u2019nun 81. Maddesi h\u00fckm\u00fc uyar\u0131nca, bir insan\u0131 kasten \u00f6ld\u00fcren ki\u015fi, m\u00fcebbet hapis cezas\u0131 \u00a0ile cezaland\u0131r\u0131l\u0131r.<\/span>\n<h3><b>Kasten Adam \u00d6ld\u00fcrme Su\u00e7unda Cezay\u0131 A\u011f\u0131rla\u015ft\u0131ran Haller Nelerdir?<\/b><\/h3>\n<span style=\"font-weight: 400;\">Su\u00e7un nitelikli halleri bir su\u00e7un cezas\u0131n\u0131 a\u011f\u0131rla\u015ft\u0131ran veya daha az ceza verilmesini gerektiren nitelikli haller olarak ikiye ayr\u0131lmaktad\u0131r. Kasten \u00f6ld\u00fcrme su\u00e7unun i\u015flenmesinde baz\u0131 cezay\u0131 a\u011f\u0131rla\u015ft\u0131r\u0131c\u0131 haller belirlenmi\u015ftir. Kasten \u00f6ld\u00fcrme su\u00e7unun;<\/span>\n<ul>\n \t<li style=\"font-weight: 400;\"><span style=\"font-weight: 400;\">Tasarlayarak, \u00a0<\/span><\/li>\n \t<li style=\"font-weight: 400;\"><span style=\"font-weight: 400;\">Canavarca hisle veya eziyet \u00e7ektirerek, \u00a0\u00a0<\/span><\/li>\n \t<li style=\"font-weight: 400;\"><span style=\"font-weight: 400;\">Yang\u0131n, su bask\u0131n\u0131, tahrip, bat\u0131rma veya bombalama ya da n\u00fckleer, biyolojik veya kimyasal silah kullanmak suretiyle, \u00a0<\/span><\/li>\n \t<li style=\"font-weight: 400;\"><span style=\"font-weight: 400;\">\u00dcstsoy veya altsoydan birine ya da e\u015f veya karde\u015fe kar\u015f\u0131, \u00a0\u00a0<\/span><\/li>\n \t<li style=\"font-weight: 400;\"><span style=\"font-weight: 400;\">\u00c7ocu\u011fa ya da beden veya ruh bak\u0131m\u0131ndan kendisini savunamayacak durumda bulunan ki\u015fiye kar\u015f\u0131, \u00a0<\/span><\/li>\n \t<li style=\"font-weight: 400;\"><span style=\"font-weight: 400;\">Gebe oldu\u011fu bilinen kad\u0131na kar\u015f\u0131, \u00a0\u00a0<\/span><\/li>\n \t<li style=\"font-weight: 400;\"><span style=\"font-weight: 400;\">Ki\u015finin yerine getirdi\u011fi kamu g\u00f6revi nedeniyle, <\/span><\/li>\n \t<li style=\"font-weight: 400;\"><span style=\"font-weight: 400;\">Bir su\u00e7u gizlemek, delillerini ortadan kald\u0131rmak veya i\u015flenmesini kolayla\u015ft\u0131rmak ya da yakalanmamak amac\u0131yla,<\/span><\/li>\n \t<li style=\"font-weight: 400;\"><span style=\"font-weight: 400;\">Bir su\u00e7u i\u015fleyememekten dolay\u0131 duydu\u011fu infialle, <\/span><\/li>\n \t<li style=\"font-weight: 400;\"><span style=\"font-weight: 400;\">Kan g\u00fctme saikiyle,<\/span><\/li>\n \t<li style=\"font-weight: 400;\"><span style=\"font-weight: 400;\">T\u00f6re saikiyle<\/span><\/li>\n<\/ul>\n<span style=\"font-weight: 400;\"> i\u015flenmesi halinde, ki\u015fi a\u011f\u0131rla\u015ft\u0131r\u0131lm\u0131\u015f m\u00fcebbet hapis cezas\u0131 ile cezaland\u0131r\u0131l\u0131r. <\/span>\n<h4><b>Kasten Adam \u00d6ld\u00fcrme Su\u00e7una Te\u015febb\u00fcs Nedir?<\/b><\/h4>\n<span style=\"font-weight: 400;\">Te\u015febb\u00fcs bir su\u00e7un i\u015flenmesine, su\u00e7u i\u015flemek bak\u0131m\u0131ndan elveri\u015fli ve icrai hareketler ile ba\u015flay\u0131p, su\u00e7un failinin elinde olmayan sebeplerle i\u015flenememesi hali olarak ifade edilebilir. Bu anlamda kasten adam \u00f6ld\u00fcrme su\u00e7una te\u015febb\u00fcs; adam \u00f6ld\u00fcrmeye elveri\u015fli hareketler ile su\u00e7un i\u015flenmesine ba\u015flay\u0131p ve fakat elde olmayan nedenlerle su\u00e7un i\u015flenememesini ifade etmektedir.<\/span>\n<h3><b>Kasten Adam \u00d6ld\u00fcrme Su\u00e7una Te\u015febb\u00fcs\u00fcn Cezas\u0131 Ne Kadar?<\/b><\/h3>\n<span style=\"font-weight: 400;\">Kasten adam \u00f6ld\u00fcrme su\u00e7una te\u015febb\u00fcs halinde fail, meydana gelen zarar veya tehlikenin a\u011f\u0131rl\u0131\u011f\u0131na g\u00f6re, a\u011f\u0131rla\u015ft\u0131r\u0131lm\u0131\u015f m\u00fcebbet hapis cezas\u0131 yerine on \u00fc\u00e7 y\u0131ldan yirmi y\u0131la kadar, m\u00fcebbet hapis cezas\u0131 yerine dokuz y\u0131ldan on be\u015f y\u0131la kadar hapis cezas\u0131 ile cezaland\u0131r\u0131lacakt\u0131r. Di\u011fer hallerde ise verilecek cezan\u0131n d\u00f6rtte birinden d\u00f6rtte \u00fc\u00e7\u00fcne kadar\u0131 indirilir. \u00a0<\/span>\n<h3><b>Kasten Adam \u00d6ld\u00fcrme Su\u00e7unda Haks\u0131z Tahrik<\/b><\/h3>\n<span style=\"font-weight: 400;\">Haks\u0131z tahrik; ki\u015finin su\u00e7u haks\u0131z bir fiilin etkisi alt\u0131nda ve o haks\u0131z fiilin ki\u015fide meydana getirdi\u011fi \u015fiddetli \u00f6fke, elem ve \u00fcz\u00fcnt\u00fcn\u00fcn alt\u0131nda i\u015flemesi durumunda, ki\u015finin kusur alg\u0131s\u0131n\u0131n etkilendi\u011fi \u00f6l\u00e7\u00fcde i\u015fledi\u011fi su\u00e7un cezas\u0131nda yap\u0131lan indirimi ifade etmektedir. Haks\u0131z tahrikte \u00f6ncelikle kendisine kar\u015f\u0131 su\u00e7 i\u015flenen ki\u015finin, su\u00e7u i\u015fleyen ki\u015fiye veya su\u00e7u i\u015fleyen ki\u015finin yak\u0131nlar\u0131na y\u00f6nelik haks\u0131z bir fiili s\u00f6z konusu olmal\u0131d\u0131r. Nitekim bu fiil bizatihi bir su\u00e7 te\u015fkil etmek zorunda de\u011fildir. Yaln\u0131zca haks\u0131z nitelikte bir davran\u0131\u015f olmas\u0131 gerekir. Ayr\u0131ca bu fiilinde bizzat su\u00e7 kendisine kar\u015f\u0131 i\u015flenen ki\u015fi taraf\u0131ndan i\u015flenmesi gerekmektedir. Nitekim su\u00e7un faili yani su\u00e7u i\u015fleyen ki\u015fi de bu haks\u0131z fiilin etkisi alt\u0131nda kalarak, psikolojik anlamda duydu\u011fu elem, ac\u0131 ve \u00f6fke ve benzeri duygu durumlar\u0131n\u0131n etkisi nedeni ile su\u00e7u i\u015flemi\u015f olmal\u0131d\u0131r. Kasten \u00f6ld\u00fcrme su\u00e7u bak\u0131m\u0131ndan da yukar\u0131da de\u011ferlendirildi\u011fi \u00fczere \u00f6ld\u00fcrme su\u00e7unun haks\u0131z bir fiilin etkisi alt\u0131nda kal\u0131narak i\u015flenmesi halinde su\u00e7un i\u00e7in \u00f6ng\u00f6r\u00fclen cezada belirli oranda indirim yap\u0131lmaktad\u0131r.<\/span>\n<h4><b>Kasten Adam \u00d6ld\u00fcrme Su\u00e7unda Nefsi M\u00fcdafaa<\/b><\/h4>\n<span style=\"font-weight: 400;\">Halk aras\u0131nda nefsi m\u00fcdafaa olarak bilinen me\u015fru m\u00fcdafaa, esasen ki\u015finin bir sald\u0131r\u0131 alt\u0131nda kendini, yak\u0131nlar\u0131n\u0131 veya bir ba\u015fkas\u0131n\u0131 korumak maksad\u0131 ile koruman\u0131n amac\u0131 ile ba\u011fda\u015f\u0131r \u00f6l\u00e7\u00fcde, yapt\u0131\u011f\u0131 m\u00fcdahaleyi ifade etmektedir. Me\u015fru m\u00fcdafaa durumunda yani, gerek kendisine ve gerek ba\u015fkas\u0131na ait bir hakka y\u00f6nelmi\u015f, ger\u00e7ekle\u015fen, ger\u00e7ekle\u015fmesi veya tekrar\u0131 muhakkak olan haks\u0131z bir sald\u0131r\u0131y\u0131 o anda o hal ve ko\u015fullara g\u00f6re sald\u0131r\u0131 ile orant\u0131l\u0131 bi\u00e7imde defetmek zorunlulu\u011fu ile i\u015flenen fiillerden dolay\u0131 faile ceza verilmeyecektir. Ancak me\u015fru savunmadan yararlanabilmesi i\u00e7in failin yapt\u0131\u011f\u0131 savunman\u0131n sald\u0131r\u0131 ile orant\u0131l\u0131 ve \u00f6l\u00e7\u00fcl\u00fc bir savunma olmas\u0131 gereklidir.<\/span>\n<h5><b>Kasten Adam \u00d6ld\u00fcrme Su\u00e7unda G\u00f6revli ve Yetkili Mahkeme Hangisidir?<\/b><\/h5>\n<span style=\"font-weight: 400;\">Kasten adam \u00f6ld\u00fcrme su\u00e7u kural olarak soru\u015fturulmas\u0131 ve kovu\u015fturulmas\u0131 \u015fikayete tabi bir su\u00e7 de\u011fildir. Kasten \u00f6ld\u00fcrme su\u00e7u bak\u0131m\u0131ndan g\u00f6revli mahkeme A\u011f\u0131r Ceza Mahkemeleridir. Yetkili mahkeme ise su\u00e7un i\u015flendi\u011fi yer mahkemesidir. Kasten \u00f6ld\u00fcrmeye te\u015febb\u00fcs su\u00e7unda ise yetkili mahkeme te\u015febb\u00fcste, son icra hareketinin ger\u00e7ekle\u015ftirildi\u011fi yer mahkemesidir.<\/span>\n<h5><b>Kasten Adam \u00d6ld\u00fcrme Su\u00e7unda Zaman A\u015f\u0131m\u0131<\/b><\/h5>\n<span style=\"font-weight: 400;\">Kasten adam \u00f6ld\u00fcrme su\u00e7unun temel \u015fekli bak\u0131m\u0131ndan dava zaman a\u015f\u0131m\u0131 s\u00fcresi 25 y\u0131ld\u0131r. Ancak su\u00e7un nitelikli hallerinden birinin vuku bulmas\u0131 halinde dava zaman a\u015f\u0131m\u0131 s\u00fcresi 30 y\u0131l olacakt\u0131r.<\/span>\n\n<hr \/>\n\n<strong>HUKUK\u0130 S\u00d6ZL\u00dcK<\/strong>\n\n&nbsp;\n\n<span style=\"font-weight: 400;\"><strong>Kast:<\/strong> fiili yapmakta ki ama\u00e7,saik<\/span>\n\n<span style=\"font-weight: 400;\"><strong>\u015eikayet:<\/strong> m\u00fc\u015ftekinin su\u00e7un cezaland\u0131r\u0131lmas\u0131 talebidir.<\/span>\n\n<span style=\"font-weight: 400;\"><strong>M\u00fc\u015fteki:<\/strong> \u015fikayet edene denir<\/span>\n\n<span style=\"font-weight: 400;\"><strong>\u015e\u00fcpheli:<\/strong> bir su\u00e7u i\u015fledi\u011fi y\u00f6n\u00fcnde emareler bulunan yahut bir su\u00e7u i\u015fledi\u011fi iddia olunan ki\u015fi<\/span>\n\n<span style=\"font-weight: 400;\"><strong>Ma\u011fdur:<\/strong> su\u00e7tan zarar g\u00f6ren<\/span>\n\n<span style=\"font-weight: 400;\"><strong>Soru\u015fturma makam\u0131:<\/strong> \u00a0savc\u0131l\u0131k<\/span>\n\n<span style=\"font-weight: 400;\"><strong>Kovu\u015fturma makam\u0131:<\/strong> mahkemeler<\/span>\n\n<span style=\"font-weight: 400;\"><strong>Aadli makamlar:<\/strong> polis ve jandarma te\u015fkilat\u0131<\/span>","protected":false},"excerpt":{"rendered":"Kasten Adam \u00d6ld\u00fcrme Su\u00e7u Nedir? Devletin, kurulu\u015f ama\u00e7lar\u0131ndan ve temel yap\u0131 ta\u015flar\u0131ndan bir olan hukuk sistemi ile korumay\u0131 hedefledi\u011fi en \u00f6nemli hak bireylerin ya\u015fam hakk\u0131d\u0131r. Ya\u015fam hakk\u0131 ki\u015finin do\u011fu\u015ftan sahip oldu\u011fu en m\u00fchim do\u011fal haklar\u0131ndan birini ifade etmektedir. Bu nedenle&#8230;","protected":false},"author":1,"featured_media":4589,"comment_status":"open","ping_status":"open","sticky":false,"template":"","format":"standard","meta":{"footnotes":""},"categories":[22],"tags":[],"class_list":["post-4587","post","type-post","status-publish","format-standard","has-post-thumbnail","hentry","category-ceza-hukuku"],"yoast_head":"<!-- This site is optimized with the Yoast SEO plugin v24.3 - https:\/\/yoast.com\/wordpress\/plugins\/seo\/ -->\n<title>Kasten Adam \u00d6ld\u00fcrme Su\u00e7u - \u00c7elik Avukatl\u0131k<\/title>\n<meta name=\"description\" content=\"Kasten Adam \u00d6ld\u00fcrme Su\u00e7u Nedir? Devletin, kurulu\u015f ama\u00e7lar\u0131ndan ve temel yap\u0131 ta\u015flar\u0131ndan bir olan hukuk sistemi ile korumay\u0131 hedefledi\u011fi en \u00f6nemli hak\" \/>\n<meta name=\"robots\" content=\"index, follow, max-snippet:-1, max-image-preview:large, max-video-preview:-1\" \/>\n<meta property=\"og:locale\" content=\"tr_TR\" \/>\n<meta property=\"og:type\" content=\"article\" \/>\n<meta property=\"og:title\" content=\"Kasten Adam \u00d6ld\u00fcrme Su\u00e7u - \u00c7elik Avukatl\u0131k\" \/>\n<meta property=\"og:description\" content=\"Kasten Adam \u00d6ld\u00fcrme Su\u00e7u Nedir? Devletin, kurulu\u015f ama\u00e7lar\u0131ndan ve temel yap\u0131 ta\u015flar\u0131ndan bir olan hukuk sistemi ile korumay\u0131 hedefledi\u011fi en \u00f6nemli hak\" \/>\n<meta property=\"og:url\" content=\"https:\/\/celikavukatlik.com\/tr\/kasten-adam-oldurme-sucu\/\" \/>\n<meta property=\"og:site_name\" content=\"\u00c7elik Avukatl\u0131k\" \/>\n<meta property=\"article:published_time\" content=\"2018-03-06T08:27:16+00:00\" \/>\n<meta name=\"author\" content=\"admin\" \/>\n<meta name=\"twitter:card\" content=\"summary_large_image\" \/>\n<meta name=\"twitter:label1\" content=\"Yazan:\" \/>\n\t<meta name=\"twitter:data1\" content=\"admin\" \/>\n\t<meta name=\"twitter:label2\" content=\"Tahmini okuma s\u00fcresi\" \/>\n\t<meta name=\"twitter:data2\" content=\"6 dakika\" \/>\n<script type=\"application\/ld+json\" class=\"yoast-schema-graph\">{\"@context\":\"https:\/\/schema.org\",\"@graph\":[{\"@type\":\"WebPage\",\"@id\":\"https:\/\/celikavukatlik.com\/tr\/kasten-adam-oldurme-sucu\/\",\"url\":\"https:\/\/celikavukatlik.com\/tr\/kasten-adam-oldurme-sucu\/\",\"name\":\"Kasten Adam \u00d6ld\u00fcrme Su\u00e7u - \u00c7elik Avukatl\u0131k\",\"isPartOf\":{\"@id\":\"https:\/\/celikavukatlik.com\/#website\"},\"primaryImageOfPage\":{\"@id\":\"https:\/\/celikavukatlik.com\/tr\/kasten-adam-oldurme-sucu\/#primaryimage\"},\"image\":{\"@id\":\"https:\/\/celikavukatlik.com\/tr\/kasten-adam-oldurme-sucu\/#primaryimage\"},\"thumbnailUrl\":\"\",\"datePublished\":\"2018-03-06T08:27:16+00:00\",\"dateModified\":\"2018-03-06T08:27:16+00:00\",\"author\":{\"@id\":\"https:\/\/celikavukatlik.com\/#\/schema\/person\/23046b562652cbb6934aef5cc85430b6\"},\"description\":\"Kasten Adam \u00d6ld\u00fcrme Su\u00e7u Nedir? Devletin, kurulu\u015f ama\u00e7lar\u0131ndan ve temel yap\u0131 ta\u015flar\u0131ndan bir olan hukuk sistemi ile korumay\u0131 hedefledi\u011fi en \u00f6nemli hak\",\"inLanguage\":\"tr\",\"potentialAction\":[{\"@type\":\"ReadAction\",\"target\":[\"https:\/\/celikavukatlik.com\/tr\/kasten-adam-oldurme-sucu\/\"]}]},{\"@type\":\"ImageObject\",\"inLanguage\":\"tr\",\"@id\":\"https:\/\/celikavukatlik.com\/tr\/kasten-adam-oldurme-sucu\/#primaryimage\",\"url\":\"\",\"contentUrl\":\"\"},{\"@type\":\"WebSite\",\"@id\":\"https:\/\/celikavukatlik.com\/#website\",\"url\":\"https:\/\/celikavukatlik.com\/\",\"name\":\"\u00c7elik Avukatl\u0131k\",\"description\":\"\",\"potentialAction\":[{\"@type\":\"SearchAction\",\"target\":{\"@type\":\"EntryPoint\",\"urlTemplate\":\"https:\/\/celikavukatlik.com\/?s={search_term_string}\"},\"query-input\":{\"@type\":\"PropertyValueSpecification\",\"valueRequired\":true,\"valueName\":\"search_term_string\"}}],\"inLanguage\":\"tr\"},{\"@type\":\"Person\",\"@id\":\"https:\/\/celikavukatlik.com\/#\/schema\/person\/23046b562652cbb6934aef5cc85430b6\",\"name\":\"admin\",\"image\":{\"@type\":\"ImageObject\",\"inLanguage\":\"tr\",\"@id\":\"https:\/\/celikavukatlik.com\/#\/schema\/person\/image\/\",\"url\":\"https:\/\/secure.gravatar.com\/avatar\/e20087e7ca30182a622897e0557cac9eb8b7273435c0130c75a2ad3bf2d5295f?s=96&d=mm&r=g\",\"contentUrl\":\"https:\/\/secure.gravatar.com\/avatar\/e20087e7ca30182a622897e0557cac9eb8b7273435c0130c75a2ad3bf2d5295f?s=96&d=mm&r=g\",\"caption\":\"admin\"},\"sameAs\":[\"https:\/\/celikavukatlik.com\"]}]}<\/script>\n<!-- \/ Yoast SEO plugin. -->","yoast_head_json":{"title":"Kasten Adam \u00d6ld\u00fcrme Su\u00e7u - \u00c7elik Avukatl\u0131k","description":"Kasten Adam \u00d6ld\u00fcrme Su\u00e7u Nedir? Devletin, kurulu\u015f ama\u00e7lar\u0131ndan ve temel yap\u0131 ta\u015flar\u0131ndan bir olan hukuk sistemi ile korumay\u0131 hedefledi\u011fi en \u00f6nemli hak","robots":{"index":"index","follow":"follow","max-snippet":"max-snippet:-1","max-image-preview":"max-image-preview:large","max-video-preview":"max-video-preview:-1"},"og_locale":"tr_TR","og_type":"article","og_title":"Kasten Adam \u00d6ld\u00fcrme Su\u00e7u - \u00c7elik Avukatl\u0131k","og_description":"Kasten Adam \u00d6ld\u00fcrme Su\u00e7u Nedir? Devletin, kurulu\u015f ama\u00e7lar\u0131ndan ve temel yap\u0131 ta\u015flar\u0131ndan bir olan hukuk sistemi ile korumay\u0131 hedefledi\u011fi en \u00f6nemli hak","og_url":"https:\/\/celikavukatlik.com\/tr\/kasten-adam-oldurme-sucu\/","og_site_name":"\u00c7elik Avukatl\u0131k","article_published_time":"2018-03-06T08:27:16+00:00","author":"admin","twitter_card":"summary_large_image","twitter_misc":{"Yazan:":"admin","Tahmini okuma s\u00fcresi":"6 dakika"},"schema":{"@context":"https:\/\/schema.org","@graph":[{"@type":"WebPage","@id":"https:\/\/celikavukatlik.com\/tr\/kasten-adam-oldurme-sucu\/","url":"https:\/\/celikavukatlik.com\/tr\/kasten-adam-oldurme-sucu\/","name":"Kasten Adam \u00d6ld\u00fcrme Su\u00e7u - \u00c7elik Avukatl\u0131k","isPartOf":{"@id":"https:\/\/celikavukatlik.com\/#website"},"primaryImageOfPage":{"@id":"https:\/\/celikavukatlik.com\/tr\/kasten-adam-oldurme-sucu\/#primaryimage"},"image":{"@id":"https:\/\/celikavukatlik.com\/tr\/kasten-adam-oldurme-sucu\/#primaryimage"},"thumbnailUrl":"","datePublished":"2018-03-06T08:27:16+00:00","dateModified":"2018-03-06T08:27:16+00:00","author":{"@id":"https:\/\/celikavukatlik.com\/#\/schema\/person\/23046b562652cbb6934aef5cc85430b6"},"description":"Kasten Adam \u00d6ld\u00fcrme Su\u00e7u Nedir? Devletin, kurulu\u015f ama\u00e7lar\u0131ndan ve temel yap\u0131 ta\u015flar\u0131ndan bir olan hukuk sistemi ile korumay\u0131 hedefledi\u011fi en \u00f6nemli hak","inLanguage":"tr","potentialAction":[{"@type":"ReadAction","target":["https:\/\/celikavukatlik.com\/tr\/kasten-adam-oldurme-sucu\/"]}]},{"@type":"ImageObject","inLanguage":"tr","@id":"https:\/\/celikavukatlik.com\/tr\/kasten-adam-oldurme-sucu\/#primaryimage","url":"","contentUrl":""},{"@type":"WebSite","@id":"https:\/\/celikavukatlik.com\/#website","url":"https:\/\/celikavukatlik.com\/","name":"\u00c7elik Avukatl\u0131k","description":"","potentialAction":[{"@type":"SearchAction","target":{"@type":"EntryPoint","urlTemplate":"https:\/\/celikavukatlik.com\/?s={search_term_string}"},"query-input":{"@type":"PropertyValueSpecification","valueRequired":true,"valueName":"search_term_string"}}],"inLanguage":"tr"},{"@type":"Person","@id":"https:\/\/celikavukatlik.com\/#\/schema\/person\/23046b562652cbb6934aef5cc85430b6","name":"admin","image":{"@type":"ImageObject","inLanguage":"tr","@id":"https:\/\/celikavukatlik.com\/#\/schema\/person\/image\/","url":"https:\/\/secure.gravatar.com\/avatar\/e20087e7ca30182a622897e0557cac9eb8b7273435c0130c75a2ad3bf2d5295f?s=96&d=mm&r=g","contentUrl":"https:\/\/secure.gravatar.com\/avatar\/e20087e7ca30182a622897e0557cac9eb8b7273435c0130c75a2ad3bf2d5295f?s=96&d=mm&r=g","caption":"admin"},"sameAs":["https:\/\/celikavukatlik.com"]}]}},"_links":{"self":[{"href":"https:\/\/celikavukatlik.com\/tr\/wp-json\/wp\/v2\/posts\/4587","targetHints":{"allow":["GET"]}}],"collection":[{"href":"https:\/\/celikavukatlik.com\/tr\/wp-json\/wp\/v2\/posts"}],"about":[{"href":"https:\/\/celikavukatlik.com\/tr\/wp-json\/wp\/v2\/types\/post"}],"author":[{"embeddable":true,"href":"https:\/\/celikavukatlik.com\/tr\/wp-json\/wp\/v2\/users\/1"}],"replies":[{"embeddable":true,"href":"https:\/\/celikavukatlik.com\/tr\/wp-json\/wp\/v2\/comments?post=4587"}],"version-history":[{"count":0,"href":"https:\/\/celikavukatlik.com\/tr\/wp-json\/wp\/v2\/posts\/4587\/revisions"}],"wp:featuredmedia":[{"embeddable":true,"href":"https:\/\/celikavukatlik.com\/tr\/wp-json\/"}],"wp:attachment":[{"href":"https:\/\/celikavukatlik.com\/tr\/wp-json\/wp\/v2\/media?parent=4587"}],"wp:term":[{"taxonomy":"category","embeddable":true,"href":"https:\/\/celikavukatlik.com\/tr\/wp-json\/wp\/v2\/categories?post=4587"},{"taxonomy":"post_tag","embeddable":true,"href":"https:\/\/celikavukatlik.com\/tr\/wp-json\/wp\/v2\/tags?post=4587"}],"curies":[{"name":"wp","href":"https:\/\/api.w.org\/{rel}","templated":true}]}}