{"id":5359,"date":"2018-09-05T15:15:32","date_gmt":"2018-09-05T12:15:32","guid":{"rendered":"https:\/\/www.celikavukatlik.com.tr\/?p=5359"},"modified":"2018-09-05T15:15:32","modified_gmt":"2018-09-05T12:15:32","slug":"iptal-ve-tam-yargi-davalari-nasil-acilir","status":"publish","type":"post","link":"https:\/\/celikavukatlik.com\/tr\/iptal-ve-tam-yargi-davalari-nasil-acilir\/","title":{"rendered":"\u0130ptal ve Tam Yarg\u0131 Davalar\u0131 Nas\u0131l A\u00e7\u0131l\u0131r?"},"content":{"rendered":"&nbsp;\n\n<b>\u0130ptal Davas\u0131 Nedir?<\/b>\n\n&nbsp;\n\n<span style=\"font-weight: 400;\">\u0130darenin her t\u00fcrl\u00fc eylem ve i\u015flemlerine kar\u015f\u0131 yarg\u0131 yolunun a\u00e7\u0131k olmas\u0131 anayasal bir zorunluluktur. Bu anlamda idari yarg\u0131da a\u00e7\u0131lacak davalar, idari i\u015flemler hakk\u0131nda yetki, \u015fekil, sebep, konu ve maksat y\u00f6nlerinden biri ile hukuka ayk\u0131r\u0131 olduklar\u0131ndan dolay\u0131 iptalleri i\u00e7in menfaatleri ihlal edilenler taraf\u0131ndan a\u00e7\u0131lan iptal davalar\u0131, idari eylem ve i\u015flemlerden dolay\u0131 ki\u015fisel haklar\u0131 do\u011frudan muhtel olanlar taraf\u0131ndan a\u00e7\u0131lan tam yarg\u0131 davalar\u0131, tahkim yolu \u00f6ng\u00f6r\u00fclen imtiyaz \u015fartla\u015fma ve s\u00f6zle\u015fmelerinden do\u011fan uyu\u015fmazl\u0131klar hari\u00e7, kamu hizmetlerinden birinin y\u00fcr\u00fct\u00fclmesi i\u00e7in yap\u0131lan her t\u00fcrl\u00fc idari s\u00f6zle\u015fmelerden dolay\u0131 taraflar aras\u0131nda \u00e7\u0131kan uyu\u015fmazl\u0131klara ili\u015fkin davalardan ibarettir. <\/span><b><i>Detayl\u0131 Bilgi \u0130\u00e7in \u0130ptal Davas\u0131 Nas\u0131l A\u00e7\u0131l\u0131r Konulu Yaz\u0131m\u0131z\u0131 Okuman\u0131z\u0131 Tavsiye Ederiz.<\/i><\/b>\n\n&nbsp;\n\n<b>\u0130ptal Davas\u0131 A\u00e7ma S\u00fcresi Ne Kadard\u0131r?<\/b>\n\n&nbsp;\n\n<span style=\"font-weight: 400;\">\u0130ptal davalar\u0131 ilgili i\u015flemin tebli\u011finden itibaren belirli bir s\u00fcre i\u00e7erisinde a\u00e7\u0131lmal\u0131d\u0131r. \u0130ptal davalar\u0131na ili\u015fkin s\u00fcreler esasen, iptale konu edilecek i\u015flemin t\u00fcr\u00fcne g\u00f6re de\u011fi\u015fmektedir. Bu anlamda \u00a0Dava a\u00e7ma s\u00fcresi, \u00f6zel kanunlar\u0131nda ayr\u0131 s\u00fcre g\u00f6sterilmeyen hallerde Dan\u0131\u015ftay da ve \u0130dare Mahkemelerinde 60, vergi mahkemelerinde ise 30 g\u00fcnd\u00fcr.<\/span>\n\n<span style=\"font-weight: 400;\">Fakat bu s\u00fcreler; <\/span>\n\n&nbsp;\n<ul>\n \t<li style=\"font-weight: 400;\"><span style=\"font-weight: 400;\">\u0130dari uyu\u015fmazl\u0131klarda; yaz\u0131l\u0131 bildirimin yap\u0131ld\u0131\u011f\u0131, <\/span><\/li>\n<\/ul>\n&nbsp;\n<ul>\n \t<li style=\"font-weight: 400;\"><span style=\"font-weight: 400;\">Vergi, resim ve har\u00e7lar ile benzeri mali y\u00fck\u00fcmler ve bunlar\u0131n zam ve cezalar\u0131ndan do\u011fan uyu\u015fmazl\u0131klarda,Tahakkuku tahsile ba\u011fl\u0131 olan vergilerde tahsilat\u0131n; tebli\u011f yap\u0131lan hallerde veya tebli\u011f yerine ge\u00e7en i\u015flemlerde tebli\u011fin; tevkif yoluyla al\u0131nan vergilerde istihkak sahiplerine \u00f6demenin; tescile ba\u011fl\u0131 vergilerde tescilin yap\u0131ld\u0131\u011f\u0131 ve idarenin dava a\u00e7mas\u0131 gereken konularda ise ilgili merci veya komisyon karar\u0131n\u0131n idareye geldi\u011fi; tarihi izleyen g\u00fcnden ba\u015flar. <\/span><\/li>\n<\/ul>\n&nbsp;\n<ul>\n \t<li style=\"font-weight: 400;\"><span style=\"font-weight: 400;\">Adresleri belli olmayanlara \u00f6zel kanunlar\u0131ndaki h\u00fck\u00fcmlere g\u00f6re ilan yoluyla bildirim yap\u0131lan hallerde, \u00f6zel kanununda aksine bir h\u00fck\u00fcm bulunmad\u0131k\u00e7a s\u00fcre, son ilan tarihini izleyen g\u00fcnden itibaren 15 g\u00fcn sonra i\u015flemeye ba\u015flar. <\/span><\/li>\n<\/ul>\n&nbsp;\n<ul>\n \t<li style=\"font-weight: 400;\"><span style=\"font-weight: 400;\">\u0130lan\u0131 gereken d\u00fczenleyici i\u015flemlerde dava s\u00fcresi, ilan tarihini izleyen g\u00fcnden itibaren ba\u015flar. Ancak bu i\u015flemlerin uygulanmas\u0131 \u00fczerine ilgililer, d\u00fczenleyici i\u015flem veya uygulanan i\u015flem yahut her ikisi aleyhine birden dava a\u00e7abilirler. D\u00fczenleyici i\u015flemin iptal edilmemi\u015f olmas\u0131 bu d\u00fczenlemeye dayal\u0131 i\u015flemin iptaline engel olmaz. <\/span><\/li>\n<\/ul>\n&nbsp;\n\n<b>\u0130dari \u0130\u015fleme Kar\u015f\u0131 \u00dcst Makama Ba\u015fvuru Yap\u0131lm\u0131\u015f \u0130se Dava A\u00e7ma S\u00fcresi Nas\u0131l Belirlenir?<\/b>\n\n&nbsp;\n\n<span style=\"font-weight: 400;\">Kural olarak ilgililer taraf\u0131ndan idari dava a\u00e7\u0131lmadan \u00f6nce, idari i\u015flemin kald\u0131r\u0131lmas\u0131, geri al\u0131nmas\u0131 de\u011fi\u015ftirilmesi veya yeni bir i\u015flem yap\u0131lmas\u0131 i\u00e7in \u00fcst makamdan, \u00fcst makam yoksa i\u015flemi yapm\u0131\u015f olan makamdan, idari dava a\u00e7ma s\u00fcresi i\u00e7inde istenebilir. Bu ba\u015fvuru, i\u015flemeye ba\u015flam\u0131\u015f olan idari dava a\u00e7ma s\u00fcresini durdurur. \u015eayet 60 g\u00fcn i\u00e7inde ba\u015fvuru yap\u0131lan makam taraf\u0131ndan bir cevap verilmezse istek reddedilmi\u015f say\u0131l\u0131r. Bu anlamda iste\u011fin reddedilmesi veya reddedilmi\u015f say\u0131lmas\u0131 halinde dava a\u00e7ma s\u00fcresi yeniden i\u015flemeye ba\u015flar ve ba\u015fvurma tarihine kadar ge\u00e7mi\u015f s\u00fcre de hesaba kat\u0131l\u0131r. Konunun daha iyi anla\u015f\u0131lmas\u0131 bak\u0131m\u0131ndan \u00f6rnekle a\u00e7\u0131klamak gerekirse A, ya \u00a0Beylikd\u00fcz\u00fc belediyesi taraf\u0131ndan 01.01.2017 tarihinde idari para cezas\u0131 kesilmi\u015f olsun. Akabinde A, Beylikd\u00fcz\u00fc il\u00e7e belediyesi taraf\u0131ndan kendisine kesilen idari bir para cezas\u0131n\u0131n kald\u0131r\u0131lmas\u0131 konusunda 15.01.2017 tarihinde belediyeye ba\u015fvuruda bulunmu\u015f olsun. Belediye g\u00f6revlilerinin A\u2019n\u0131n bu talebine y\u00f6nelik olarak 45 g\u00fcn sonra yan\u0131t verdikleri ihtimalinde, \u00f6ncelikle A\u2019n\u0131n Belediye\u2019ye ba\u015fvurdu\u011fu tarih itibari ile aleyhine tesis edilen idari i\u015fleme kar\u015f\u0131 dava a\u00e7ma s\u00fcresi duracakt\u0131r. Devam\u0131nda 45 g\u00fcn sonra belediyeden gelen yan\u0131tla birlikte A\u2019n\u0131n dava a\u00e7ma s\u00fcresi i\u015flemeye devam edecektir. Dolay\u0131s\u0131yla A\u2019n\u0131n i\u015flemin tesis edildi\u011fi g\u00fcnden itibaren i\u015flemeye ba\u015flayan ve belediyeye ba\u015fvuru yapmas\u0131 ile duran kalan dava a\u00e7ma s\u00fcresi 45 g\u00fcnd\u00fcr ve bu s\u00fcre belediyenin A\u2019ya cevap verdi\u011fi tarih olan 30.02.2017 tarihinden itibaren i\u015flemeye ba\u015flar.<\/span>\n\n&nbsp;\n\n<b>\u0130ptal Davas\u0131nda Menfaat \u0130hlali \u015eart\u0131 Nedir? <\/b>\n\n&nbsp;\n\n<span style=\"font-weight: 400;\">Menfaat ihlali kavram\u0131, iptal davalar\u0131 bak\u0131m\u0131ndan \u0130dari Yarg\u0131lama Kanunu\u2019nun 2.maddesinde \u00f6ng\u00f6r\u00fclm\u00fc\u015f olan bir dava a\u00e7ma \u015fart\u0131n\u0131 ifade etmektedir. Bu anlamda iptal davas\u0131 a\u00e7mak i\u00e7in kural olarak maddi veya manevi nitelikte bir menfaatin, tesis edilen ve iptale konu edilmek istenen i\u015flemle ihlal edilmi\u015f olmas\u0131 gerekmektedir. Bu hususta Dan\u0131\u015ftay kararlar\u0131nda da de\u011finildi\u011fi \u00fczere menfaatin maddi veya manevi olmas\u0131n\u0131n bir \u00f6nemi yoktur. Fakat menfaat g\u00fcncel, \u015fahsi ve bilhassa me\u015fru olmal\u0131d\u0131r. Bu anlamda menfaati ihlal olunan ve idari i\u015flemi iptale konu etmek isteyen ki\u015fi, ihlal edilen menfaati ile idari i\u015flem aras\u0131ndaki illiyet ba\u011f\u0131n\u0131 ispat k\u00fclfeti alt\u0131ndad\u0131r. Yani menfaati ile s\u00f6z konusu i\u015flem aras\u0131ndaki ili\u015fkiyi, nedensellik ba\u011f\u0131n\u0131 ispat etmek an\u0131lan idari i\u015flemi dava eden ki\u015fiye d\u00fc\u015fmektedir.<\/span>\n\n&nbsp;\n\n<b>Tam Yarg\u0131 Davas\u0131 Nedir?<\/b>\n\n&nbsp;\n\n<span style=\"font-weight: 400;\">Tam yarg\u0131 davas\u0131 esasen idari eylem ve i\u015flemlerden dolay\u0131 ki\u015fisel haklar\u0131 do\u011frudan muhtel olanlar yani ihlal edilenler taraf\u0131ndan a\u00e7\u0131lan bir idari davay\u0131 ifade etmektedir.<\/span>\n\n<span style=\"font-weight: 400;\">Tam yarg\u0131 davalar\u0131 hukuki ba\u011flamda idarenin sorumlulu\u011fu temeline dayan\u0131r. \u00d6zellikle Medeni Hukukta tazminat davalar\u0131n\u0131n kar\u015f\u0131l\u0131\u011f\u0131 \u0130dare Hukukunda tam yarg\u0131 davalar\u0131 olarak tezah\u00fcr etmektedir. Bu anlamda tam yarg\u0131 davalar\u0131, idarenin kusur sorumlulu\u011funa dayanabilece\u011fi gibi kusursuz sorumlulu\u011funa da dayanabilir.<\/span>\n\n<span style=\"font-weight: 400;\">Tam yarg\u0131 davalar\u0131n\u0131n iptal davas\u0131 ile birlikte a\u00e7\u0131labilece\u011fi gibi ayr\u0131 bir dava olarak a\u00e7\u0131lmas\u0131 da m\u00fcmk\u00fcnd\u00fcr.<\/span>\n\n&nbsp;\n\n<b>Tam Yarg\u0131 Davas\u0131 A\u00e7ma \u015eartlar\u0131 Nelerdir?<\/b>\n\n&nbsp;\n\n<span style=\"font-weight: 400;\">\u0130lgililer haklar\u0131n\u0131 ihlal eden bir idari i\u015flem dolay\u0131s\u0131yla Dan\u0131\u015ftay\u2019a ve \u0130dare ve Vergi mahkemelerine do\u011frudan do\u011fruya tam yarg\u0131 davas\u0131 veya iptal ve tam yarg\u0131 davalar\u0131n\u0131 birlikte a\u00e7abilecekleri gibi ilk \u00f6nce iptal davas\u0131 a\u00e7arak bu davan\u0131n karara ba\u011flanmas\u0131 \u00fczerine, bu husustaki karar\u0131n veya kanun yollar\u0131na ba\u015fvurulmas\u0131 halinde verilecek karar\u0131n tebli\u011fi veya bir i\u015flemin icras\u0131 sebebiyle do\u011fan zararlardan dolay\u0131 icra tarihinden itibaren dava s\u00fcresi i\u00e7inde tam yarg\u0131 davas\u0131 a\u00e7abilirler.<\/span>\n\n<span style=\"font-weight: 400;\">\u0130dari eylemlerden haklar\u0131 ihlal edilmi\u015f olanlar\u0131n idari dava a\u00e7madan \u00f6nce, bu eylemleri yaz\u0131l\u0131 bildirim \u00fczerine veya ba\u015fka suretle \u00f6\u011frendikleri tarihten itibaren 1 y\u0131l ve her halde eylem tarihinden itibaren 5 y\u0131l i\u00e7inde ilgili idareye ba\u015fvurarak haklar\u0131n\u0131n yerine getirilmesini istemeleri gerekmektedir. Bu isteklerin ba\u015fvuru ya\u011f\u0131lan idarece k\u0131smen veya tamamen reddi halinde, bu konudaki i\u015flemin tebli\u011fini izleyen g\u00fcnden itibaren veya an\u0131lan istek hakk\u0131nda altm\u0131\u015f g\u00fcn i\u00e7inde cevap verilmedi\u011fi takdirde bu s\u00fcrenin bitti\u011fi tarihten itibaren, dava s\u00fcresi i\u00e7inde dava a\u00e7\u0131labilir. <\/span><b><i>Detayl\u0131 Bilgi \u0130\u00e7in Tam Yarg\u0131 Davas\u0131 Nas\u0131l A\u00e7\u0131l\u0131r Konulu Yaz\u0131m\u0131z\u0131 Okuman\u0131z\u0131 Tavsiye Ederiz.<\/i><\/b>\n\n&nbsp;\n\n<b>Tam Yarg\u0131 Davas\u0131 Nas\u0131l A\u00e7\u0131l\u0131r?<\/b>\n\n&nbsp;\n\n<span style=\"font-weight: 400;\">Tam yarg\u0131 davas\u0131, tam yarg\u0131 davas\u0131na konu edilecek olan i\u015flemin t\u00fcr\u00fcne g\u00f6re Dan\u0131\u015ftay\u2019da Vergi ve \u0130dare mahkemelerinde usul\u00fcne uygun haz\u0131rlanm\u0131\u015f bir dava dilek\u00e7esinin mahkemeye, dava s\u00fcresi i\u00e7erisinde teslim edilmesi ile birlikte a\u00e7\u0131l\u0131r. Bu anlamda ilgililer, iptal davas\u0131na ili\u015fkin a\u00e7ma s\u00fcresi i\u00e7erisinde iptal davas\u0131n\u0131 ve tam yarg\u0131 davas\u0131n\u0131 birlikte a\u00e7abilirler. Ayr\u0131ca iptal davas\u0131n\u0131n sonu\u00e7lanmas\u0131ndan yani h\u00fckm\u00fcn tebli\u011f veya tefhiminden itibaren 60 g\u00fcn i\u00e7erisinde tam yarg\u0131 davas\u0131n\u0131 a\u00e7ma hakk\u0131na da sahiptirler. Yine bir ba\u015fka ihtimal olarak iptal davas\u0131 a\u00e7ma s\u00fcresi i\u00e7erisinde tam yarg\u0131 davas\u0131n\u0131n da a\u00e7\u0131lmas\u0131 m\u00fcmk\u00fcnd\u00fcr.<\/span>\n\n&nbsp;\n\n<b>Dava Dilek\u00e7esi Hangi Makama Verilmelidir?<\/b>\n\n&nbsp;\n\n<span style=\"font-weight: 400;\">Bu hususta yine davan\u0131n a\u00e7\u0131ld\u0131\u011f\u0131 mahkemeye g\u00f6re de\u011fi\u015fecektir. Bu anlamda dilek\u00e7eler kural olarak ait olduklar\u0131 yani davan\u0131n a\u00e7\u0131laca\u011f\u0131 mahkeme ba\u015fkanl\u0131\u011f\u0131na sunulur. Dolay\u0131s\u0131yla dilek\u00e7eler Dan\u0131\u015ftay veya davan\u0131n g\u00f6r\u00fclece\u011fi mahkeme ba\u015fkanl\u0131klar\u0131na veya bunlara g\u00f6nderilmek \u00fczere \u0130dare ve Vergi mahkemesi ba\u015fkanl\u0131klar\u0131na \u015fayet bu mahkemeler o yerde bulunmuyorsa Asliye Hukuk Mahkemesi ba\u015fkanl\u0131klar\u0131na yurt d\u0131\u015f\u0131nda ise yine an\u0131lan mahkemelere g\u00f6nderilmek \u00fczere konsolosluk ve b\u00fcy\u00fckel\u00e7ili\u011fe teslim edilmelidir.<\/span>\n\n&nbsp;\n\n<b>Tam Yarg\u0131 Davalar\u0131n\u0131n \u0130ptal Davalar\u0131ndan Farklar\u0131\u0130dare Hukukundan Do\u011fan Davalar ve Uyu\u015fmazl\u0131klar\u0131n\u0131z Hakk\u0131nda Detayl\u0131 Bilgi Almak \u0130\u00e7in \u00c7elik Hukuk B\u00fcrosu Avukatlar\u0131 ile \u0130leti\u015fime Ge\u00e7meniz Tavsiye Olunur.<\/b>\n\n&nbsp;\n\n<span style=\"font-weight: 400;\">HUKUK\u0130 S\u00d6ZL\u00dcK<\/span>\n\n<span style=\"font-weight: 400;\"><strong>El atma :<\/strong> Malikin r\u0131zas\u0131 olmaks\u0131z\u0131n fiilen kullanmad\u0131r.<\/span>\n\n<span style=\"font-weight: 400;\"><strong>Ta\u015f\u0131n\u0131r mal :<\/strong> Sahip oldu\u011funuz araba,trakt\u00f6r ve benzeri mal\u0131n\u0131zd\u0131r.<\/span>\n\n<span style=\"font-weight: 400;\"><strong>Malik :<\/strong> M\u00fclk sahibidir.<\/span>","protected":false},"excerpt":{"rendered":"&nbsp; \u0130ptal Davas\u0131 Nedir? &nbsp; \u0130darenin her t\u00fcrl\u00fc eylem ve i\u015flemlerine kar\u015f\u0131 yarg\u0131 yolunun a\u00e7\u0131k olmas\u0131 anayasal bir zorunluluktur. Bu anlamda idari yarg\u0131da a\u00e7\u0131lacak davalar, idari i\u015flemler hakk\u0131nda yetki, \u015fekil, sebep, konu ve maksat y\u00f6nlerinden biri ile hukuka ayk\u0131r\u0131 olduklar\u0131ndan&#8230;","protected":false},"author":1,"featured_media":0,"comment_status":"open","ping_status":"open","sticky":false,"template":"","format":"standard","meta":{"footnotes":""},"categories":[24],"tags":[],"class_list":["post-5359","post","type-post","status-publish","format-standard","hentry","category-idare-hukuku"],"yoast_head":"<!-- This site is optimized with the Yoast SEO plugin v24.3 - https:\/\/yoast.com\/wordpress\/plugins\/seo\/ -->\n<title>\u0130ptal ve Tam Yarg\u0131 Davalar\u0131 Nas\u0131l A\u00e7\u0131l\u0131r? - \u00c7elik Avukatl\u0131k<\/title>\n<meta name=\"description\" content=\"&nbsp; \u0130ptal Davas\u0131 Nedir? &nbsp; \u0130darenin her t\u00fcrl\u00fc eylem ve i\u015flemlerine kar\u015f\u0131 yarg\u0131 yolunun a\u00e7\u0131k olmas\u0131 anayasal bir zorunluluktur. Bu anlamda idari\" \/>\n<meta name=\"robots\" content=\"index, follow, max-snippet:-1, max-image-preview:large, max-video-preview:-1\" \/>\n<meta property=\"og:locale\" content=\"tr_TR\" \/>\n<meta property=\"og:type\" content=\"article\" \/>\n<meta property=\"og:title\" content=\"\u0130ptal ve Tam Yarg\u0131 Davalar\u0131 Nas\u0131l A\u00e7\u0131l\u0131r? - \u00c7elik Avukatl\u0131k\" \/>\n<meta property=\"og:description\" content=\"&nbsp; \u0130ptal Davas\u0131 Nedir? &nbsp; \u0130darenin her t\u00fcrl\u00fc eylem ve i\u015flemlerine kar\u015f\u0131 yarg\u0131 yolunun a\u00e7\u0131k olmas\u0131 anayasal bir zorunluluktur. Bu anlamda idari\" \/>\n<meta property=\"og:url\" content=\"https:\/\/celikavukatlik.com\/tr\/iptal-ve-tam-yargi-davalari-nasil-acilir\/\" \/>\n<meta property=\"og:site_name\" content=\"\u00c7elik Avukatl\u0131k\" \/>\n<meta property=\"article:published_time\" content=\"2018-09-05T12:15:32+00:00\" \/>\n<meta name=\"author\" content=\"admin\" \/>\n<meta name=\"twitter:card\" content=\"summary_large_image\" \/>\n<meta name=\"twitter:label1\" content=\"Yazan:\" \/>\n\t<meta name=\"twitter:data1\" content=\"admin\" \/>\n\t<meta name=\"twitter:label2\" content=\"Tahmini okuma s\u00fcresi\" \/>\n\t<meta name=\"twitter:data2\" content=\"8 dakika\" \/>\n<script type=\"application\/ld+json\" class=\"yoast-schema-graph\">{\"@context\":\"https:\/\/schema.org\",\"@graph\":[{\"@type\":\"WebPage\",\"@id\":\"https:\/\/celikavukatlik.com\/tr\/iptal-ve-tam-yargi-davalari-nasil-acilir\/\",\"url\":\"https:\/\/celikavukatlik.com\/tr\/iptal-ve-tam-yargi-davalari-nasil-acilir\/\",\"name\":\"\u0130ptal ve Tam Yarg\u0131 Davalar\u0131 Nas\u0131l A\u00e7\u0131l\u0131r? - \u00c7elik Avukatl\u0131k\",\"isPartOf\":{\"@id\":\"https:\/\/celikavukatlik.com\/#website\"},\"datePublished\":\"2018-09-05T12:15:32+00:00\",\"dateModified\":\"2018-09-05T12:15:32+00:00\",\"author\":{\"@id\":\"https:\/\/celikavukatlik.com\/#\/schema\/person\/23046b562652cbb6934aef5cc85430b6\"},\"description\":\"&nbsp; \u0130ptal Davas\u0131 Nedir? &nbsp; \u0130darenin her t\u00fcrl\u00fc eylem ve i\u015flemlerine kar\u015f\u0131 yarg\u0131 yolunun a\u00e7\u0131k olmas\u0131 anayasal bir zorunluluktur. Bu anlamda idari\",\"inLanguage\":\"tr\",\"potentialAction\":[{\"@type\":\"ReadAction\",\"target\":[\"https:\/\/celikavukatlik.com\/tr\/iptal-ve-tam-yargi-davalari-nasil-acilir\/\"]}]},{\"@type\":\"WebSite\",\"@id\":\"https:\/\/celikavukatlik.com\/#website\",\"url\":\"https:\/\/celikavukatlik.com\/\",\"name\":\"\u00c7elik Avukatl\u0131k\",\"description\":\"\",\"potentialAction\":[{\"@type\":\"SearchAction\",\"target\":{\"@type\":\"EntryPoint\",\"urlTemplate\":\"https:\/\/celikavukatlik.com\/?s={search_term_string}\"},\"query-input\":{\"@type\":\"PropertyValueSpecification\",\"valueRequired\":true,\"valueName\":\"search_term_string\"}}],\"inLanguage\":\"tr\"},{\"@type\":\"Person\",\"@id\":\"https:\/\/celikavukatlik.com\/#\/schema\/person\/23046b562652cbb6934aef5cc85430b6\",\"name\":\"admin\",\"image\":{\"@type\":\"ImageObject\",\"inLanguage\":\"tr\",\"@id\":\"https:\/\/celikavukatlik.com\/#\/schema\/person\/image\/\",\"url\":\"https:\/\/secure.gravatar.com\/avatar\/e20087e7ca30182a622897e0557cac9eb8b7273435c0130c75a2ad3bf2d5295f?s=96&d=mm&r=g\",\"contentUrl\":\"https:\/\/secure.gravatar.com\/avatar\/e20087e7ca30182a622897e0557cac9eb8b7273435c0130c75a2ad3bf2d5295f?s=96&d=mm&r=g\",\"caption\":\"admin\"},\"sameAs\":[\"https:\/\/celikavukatlik.com\"]}]}<\/script>\n<!-- \/ Yoast SEO plugin. -->","yoast_head_json":{"title":"\u0130ptal ve Tam Yarg\u0131 Davalar\u0131 Nas\u0131l A\u00e7\u0131l\u0131r? - \u00c7elik Avukatl\u0131k","description":"&nbsp; \u0130ptal Davas\u0131 Nedir? &nbsp; \u0130darenin her t\u00fcrl\u00fc eylem ve i\u015flemlerine kar\u015f\u0131 yarg\u0131 yolunun a\u00e7\u0131k olmas\u0131 anayasal bir zorunluluktur. Bu anlamda idari","robots":{"index":"index","follow":"follow","max-snippet":"max-snippet:-1","max-image-preview":"max-image-preview:large","max-video-preview":"max-video-preview:-1"},"og_locale":"tr_TR","og_type":"article","og_title":"\u0130ptal ve Tam Yarg\u0131 Davalar\u0131 Nas\u0131l A\u00e7\u0131l\u0131r? - \u00c7elik Avukatl\u0131k","og_description":"&nbsp; \u0130ptal Davas\u0131 Nedir? &nbsp; \u0130darenin her t\u00fcrl\u00fc eylem ve i\u015flemlerine kar\u015f\u0131 yarg\u0131 yolunun a\u00e7\u0131k olmas\u0131 anayasal bir zorunluluktur. Bu anlamda idari","og_url":"https:\/\/celikavukatlik.com\/tr\/iptal-ve-tam-yargi-davalari-nasil-acilir\/","og_site_name":"\u00c7elik Avukatl\u0131k","article_published_time":"2018-09-05T12:15:32+00:00","author":"admin","twitter_card":"summary_large_image","twitter_misc":{"Yazan:":"admin","Tahmini okuma s\u00fcresi":"8 dakika"},"schema":{"@context":"https:\/\/schema.org","@graph":[{"@type":"WebPage","@id":"https:\/\/celikavukatlik.com\/tr\/iptal-ve-tam-yargi-davalari-nasil-acilir\/","url":"https:\/\/celikavukatlik.com\/tr\/iptal-ve-tam-yargi-davalari-nasil-acilir\/","name":"\u0130ptal ve Tam Yarg\u0131 Davalar\u0131 Nas\u0131l A\u00e7\u0131l\u0131r? - \u00c7elik Avukatl\u0131k","isPartOf":{"@id":"https:\/\/celikavukatlik.com\/#website"},"datePublished":"2018-09-05T12:15:32+00:00","dateModified":"2018-09-05T12:15:32+00:00","author":{"@id":"https:\/\/celikavukatlik.com\/#\/schema\/person\/23046b562652cbb6934aef5cc85430b6"},"description":"&nbsp; \u0130ptal Davas\u0131 Nedir? &nbsp; \u0130darenin her t\u00fcrl\u00fc eylem ve i\u015flemlerine kar\u015f\u0131 yarg\u0131 yolunun a\u00e7\u0131k olmas\u0131 anayasal bir zorunluluktur. Bu anlamda idari","inLanguage":"tr","potentialAction":[{"@type":"ReadAction","target":["https:\/\/celikavukatlik.com\/tr\/iptal-ve-tam-yargi-davalari-nasil-acilir\/"]}]},{"@type":"WebSite","@id":"https:\/\/celikavukatlik.com\/#website","url":"https:\/\/celikavukatlik.com\/","name":"\u00c7elik Avukatl\u0131k","description":"","potentialAction":[{"@type":"SearchAction","target":{"@type":"EntryPoint","urlTemplate":"https:\/\/celikavukatlik.com\/?s={search_term_string}"},"query-input":{"@type":"PropertyValueSpecification","valueRequired":true,"valueName":"search_term_string"}}],"inLanguage":"tr"},{"@type":"Person","@id":"https:\/\/celikavukatlik.com\/#\/schema\/person\/23046b562652cbb6934aef5cc85430b6","name":"admin","image":{"@type":"ImageObject","inLanguage":"tr","@id":"https:\/\/celikavukatlik.com\/#\/schema\/person\/image\/","url":"https:\/\/secure.gravatar.com\/avatar\/e20087e7ca30182a622897e0557cac9eb8b7273435c0130c75a2ad3bf2d5295f?s=96&d=mm&r=g","contentUrl":"https:\/\/secure.gravatar.com\/avatar\/e20087e7ca30182a622897e0557cac9eb8b7273435c0130c75a2ad3bf2d5295f?s=96&d=mm&r=g","caption":"admin"},"sameAs":["https:\/\/celikavukatlik.com"]}]}},"_links":{"self":[{"href":"https:\/\/celikavukatlik.com\/tr\/wp-json\/wp\/v2\/posts\/5359","targetHints":{"allow":["GET"]}}],"collection":[{"href":"https:\/\/celikavukatlik.com\/tr\/wp-json\/wp\/v2\/posts"}],"about":[{"href":"https:\/\/celikavukatlik.com\/tr\/wp-json\/wp\/v2\/types\/post"}],"author":[{"embeddable":true,"href":"https:\/\/celikavukatlik.com\/tr\/wp-json\/wp\/v2\/users\/1"}],"replies":[{"embeddable":true,"href":"https:\/\/celikavukatlik.com\/tr\/wp-json\/wp\/v2\/comments?post=5359"}],"version-history":[{"count":0,"href":"https:\/\/celikavukatlik.com\/tr\/wp-json\/wp\/v2\/posts\/5359\/revisions"}],"wp:attachment":[{"href":"https:\/\/celikavukatlik.com\/tr\/wp-json\/wp\/v2\/media?parent=5359"}],"wp:term":[{"taxonomy":"category","embeddable":true,"href":"https:\/\/celikavukatlik.com\/tr\/wp-json\/wp\/v2\/categories?post=5359"},{"taxonomy":"post_tag","embeddable":true,"href":"https:\/\/celikavukatlik.com\/tr\/wp-json\/wp\/v2\/tags?post=5359"}],"curies":[{"name":"wp","href":"https:\/\/api.w.org\/{rel}","templated":true}]}}