{"id":5391,"date":"2018-04-02T10:57:56","date_gmt":"2018-04-02T07:57:56","guid":{"rendered":"https:\/\/www.celikavukatlik.com.tr\/?p=5391"},"modified":"2018-04-02T10:57:56","modified_gmt":"2018-04-02T07:57:56","slug":"evden-uzaklastirma-karari-ve-koruma-tedbiri","status":"publish","type":"post","link":"https:\/\/celikavukatlik.com\/tr\/evden-uzaklastirma-karari-ve-koruma-tedbiri\/","title":{"rendered":"Evden Uzakla\u015ft\u0131rma Karar\u0131 ve Koruma Tedbiri"},"content":{"rendered":"<h3><b>Tedbir Karar\u0131 Nedir?<\/b><\/h3>\n<span style=\"font-weight: 400;\">\u015eiddet ma\u011fdurlar\u0131 ve \u015fiddet uygulayanlar hakk\u0131nda hakim, kolluk g\u00f6revlileri ve m\u00fclki amirler taraf\u0131ndan, istem \u00fczerine ve\/veya ilgili makam taraf\u0131ndan re\u2019sen verilecek olan ma\u011fduru korumaya y\u00f6nelik kararlar\u0131 ifade etmektedir.<\/span>\n<h2><b>Koruma Tedbiri Nedir?<\/b><\/h2>\n<span style=\"font-weight: 400;\">Koruma tedbiri, 6284 Say\u0131l\u0131 Ailenin Korunmas\u0131 ve Kad\u0131na Kar\u015f\u0131 \u015eiddetin \u00d6nlemesi Hakk\u0131ndaki Kanun uyar\u0131nca h\u00fck\u00fcm alt\u0131na al\u0131nm\u0131\u015flard\u0131r. Koruma tedbirleri bu anlamda, \u015fiddete u\u011frayan veya \u015fiddete u\u011frama tehlikesi bulunan kad\u0131nlar\u0131n, \u00e7ocuklar\u0131n, aile bireylerinin ve tek tarafl\u0131 \u0131srarl\u0131 takip ma\u011fduru olan ki\u015filerin korunmas\u0131 ve bu ki\u015filere y\u00f6nelik \u015fiddetin \u00f6nlenmesi amac\u0131yla al\u0131nacak tedbirleri ifade etmektedir. Koruma tedbirleri, \u00f6nleyici tedbir ve koruyucu tedbir olmak \u00fczere ikiye ayr\u0131lmaktad\u0131rlar.<\/span>\n<h4><b>Koruma Tedbiri T\u00fcrleri Nelerdir?<\/b><\/h4>\n<span style=\"font-weight: 400;\">Ailenin Korunmas\u0131 ve Kad\u0131na Kar\u015f\u0131 \u015eiddetin \u00d6nlemesi Hakk\u0131ndaki Kanun uyar\u0131nca h\u00fck\u00fcm alt\u0131na al\u0131nan koruma tedbirleri, \u00f6nleyici tedbir ve koruyucu tedbir olmak \u00fczere ikiye ayr\u0131lmaktad\u0131rlar. Koruyucu koruma tedbirleri kendi i\u00e7erisinde, mahkemenin verdi\u011fi koruyucu tedbirler ve m\u00fclki amirin (valinin) verdi\u011fi koruyucu tedbirler olmak \u00fczere ikiye ayr\u0131lmaktad\u0131rlar. \u00d6nleyici tedbirler ise kural olarak hakim taraf\u0131ndan verilmektedirler.<\/span>\n<h4><b>M\u00fclki Amir Taraf\u0131ndan Verilecek Koruyucu Tedbir Kararlar\u0131 <\/b><\/h4>\n<span style=\"font-weight: 400;\">Koruyucu koruma tedbirleri kendi i\u00e7erisinde, mahkemenin verdi\u011fi koruyucu tedbirler ve m\u00fclki amirin (valinin) verdi\u011fi koruyucu tedbirler olmak \u00fczere ikiye ayr\u0131lmaktad\u0131r. Bu anlamda a\u015fa\u011f\u0131daki tedbirlerden birine, birka\u00e7\u0131na veya uygun g\u00f6r\u00fclecek benzer tedbirlere m\u00fclki amir (vali) taraf\u0131ndan karar verilebilir.<\/span>\n<ul>\n \t<li style=\"list-style-type: none;\">\n<ul>\n \t<li style=\"font-weight: 400;\"><span style=\"font-weight: 400;\">Kendisine ve gerekiyorsa beraberindeki \u00e7ocuklara, bulundu\u011fu yerde veya ba\u015fka bir yerde uygun bar\u0131nma yeri sa\u011flanmas\u0131,<\/span><\/li>\n<\/ul>\n<\/li>\n<\/ul>\n<ul>\n \t<li style=\"list-style-type: none;\">\n<ul>\n \t<li style=\"font-weight: 400;\"><span style=\"font-weight: 400;\">Di\u011fer kanunlar kapsam\u0131nda yap\u0131lacak yard\u0131mlar sakl\u0131 kalmak \u00fczere, ge\u00e7ici maddi yard\u0131m yap\u0131lmas\u0131,<\/span><\/li>\n<\/ul>\n<\/li>\n<\/ul>\n<ul>\n \t<li style=\"list-style-type: none;\">\n<ul>\n \t<li style=\"font-weight: 400;\"><span style=\"font-weight: 400;\">Psikolojik, mesleki, hukuki ve sosyal bak\u0131mdan rehberlik ve dan\u0131\u015fmanl\u0131k hizmeti verilmesi,<\/span><\/li>\n<\/ul>\n<\/li>\n<\/ul>\n<ul>\n \t<li style=\"list-style-type: none;\">\n<ul>\n \t<li style=\"font-weight: 400;\"><span style=\"font-weight: 400;\">Hayati tehlikesinin bulunmas\u0131 h\u00e2linde, ilgilinin talebi \u00fczerine veya resen ge\u00e7ici koruma alt\u0131na al\u0131nmas\u0131,<\/span><\/li>\n<\/ul>\n<\/li>\n<\/ul>\n<ul>\n \t<li style=\"list-style-type: none;\">\n<ul>\n \t<li style=\"font-weight: 400;\"><span style=\"font-weight: 400;\">Gerekli olmas\u0131 h\u00e2linde, korunan ki\u015finin \u00e7ocuklar\u0131 varsa \u00e7al\u0131\u015fma ya\u015fam\u0131na kat\u0131l\u0131m\u0131n\u0131 desteklemek \u00fczere d\u00f6rt ay, ki\u015finin \u00e7al\u0131\u015fmas\u0131 h\u00e2linde ise iki ayl\u0131k s\u00fcre ile s\u0131n\u0131rl\u0131 olmak kayd\u0131yla, on alt\u0131 ya\u015f\u0131ndan b\u00fcy\u00fckler i\u00e7in her y\u0131l belirlenen ayl\u0131k net asgari \u00fccret tutar\u0131n\u0131n yar\u0131s\u0131n\u0131 ge\u00e7memek ve belgelendirilmek kayd\u0131yla Bakanl\u0131k b\u00fct\u00e7esinin ilgili tertibinden kar\u015f\u0131lanmak suretiyle kre\u015f imk\u00e2n\u0131n\u0131n sa\u011flanmas\u0131,<\/span><\/li>\n<\/ul>\n<\/li>\n<\/ul>\n<ul>\n \t<li style=\"font-weight: 400;\"><span style=\"font-weight: 400;\">Gecikmesinde sak\u0131nca bulunan tedbirler, ilgili kolluk amirlerince de al\u0131nabilir. Bu anlamda al\u0131nan tedbir kural olarak, kolluk amirince tedbire ili\u015fkin evrak\u0131n en ge\u00e7 karar\u0131n al\u0131nd\u0131\u011f\u0131 tarihi takip eden ilk i\u015f g\u00fcn\u00fc i\u00e7inde m\u00fclki amirin onay\u0131na sunulmas\u0131n\u0131 gerektirir. M\u00fclki amir taraf\u0131ndan 48 saat i\u00e7inde onaylanmayan tedbirler kendili\u011finden kalkar.<\/span><\/li>\n<\/ul>\n<h4><b>Hakim Taraf\u0131ndan Verilecek Koruyucu Tedbir Kararlar\u0131<\/b><\/h4>\n<span style=\"font-weight: 400;\">Koruyucu koruma tedbirleri kendi i\u00e7erisinde, mahkemenin verdi\u011fi koruyucu tedbirler ve m\u00fclki amirin (valinin) verdi\u011fi koruyucu tedbirler olmak \u00fczere ikiye ayr\u0131lmaktad\u0131r. Bu anlamda a\u015fa\u011f\u0131daki koruyucu tedbirlerden birine, birka\u00e7\u0131na veya uygun g\u00f6r\u00fclecek benzer tedbirlere hakim taraf\u0131ndan karar verilebilir.<\/span>\n<ul>\n \t<li style=\"list-style-type: none;\">\n<ul>\n \t<li style=\"font-weight: 400;\"><span style=\"font-weight: 400;\">\u0130\u015f yerinin de\u011fi\u015ftirilmesi,<\/span><\/li>\n<\/ul>\n<\/li>\n<\/ul>\n<ul>\n \t<li style=\"list-style-type: none;\">\n<ul>\n \t<li style=\"font-weight: 400;\"><span style=\"font-weight: 400;\">Ki\u015finin evli olmas\u0131 h\u00e2linde m\u00fc\u015fterek yerle\u015fim yerinden ayr\u0131 yerle\u015fim yeri belirlenmesi,<\/span><\/li>\n<\/ul>\n<\/li>\n<\/ul>\n<ul>\n \t<li style=\"list-style-type: none;\">\n<ul>\n \t<li style=\"font-weight: 400;\"><span style=\"font-weight: 400;\">22\/11\/2001 tarihli ve 4721 say\u0131l\u0131 T\u00fcrk Medeni Kanunundaki \u015fartlar\u0131n varl\u0131\u011f\u0131 h\u00e2linde ve korunan ki\u015finin talebi \u00fczerine tapu k\u00fct\u00fc\u011f\u00fcne aile konutu \u015ferhi konulmas\u0131,<\/span><\/li>\n<\/ul>\n<\/li>\n<\/ul>\n<ul>\n \t<li style=\"font-weight: 400;\"><span style=\"font-weight: 400;\">Korunan ki\u015fi bak\u0131m\u0131ndan hayati tehlikenin bulunmas\u0131 ve bu tehlikenin \u00f6nlenmesi i\u00e7in di\u011fer tedbirlerin yeterli olmayaca\u011f\u0131n\u0131n anla\u015f\u0131lmas\u0131 h\u00e2linde ve ilgilinin ayd\u0131nlat\u0131lm\u0131\u015f r\u0131zas\u0131na dayal\u0131 olarak 27\/12\/2007 tarihli ve 5726 say\u0131l\u0131 Tan\u0131k Koruma Kanunu h\u00fck\u00fcmlerine g\u00f6re kimlik ve ilgili di\u011fer bilgi ve belgelerinin de\u011fi\u015ftirilmesi hakk\u0131nda karar.<\/span><\/li>\n<\/ul>\n<h3><b>Evden Uzakla\u015ft\u0131rma Karar\u0131 Nedir?<\/b><\/h3>\n<span style=\"font-weight: 400;\">Evden uzakla\u015ft\u0131rma karar\u0131, hukuki anlamda 6284 Say\u0131l\u0131 Ailenin Korunmas\u0131 ve Kad\u0131na Kar\u015f\u0131 \u015eiddetin \u00d6nlemesi Hakk\u0131ndaki Kanun uyar\u0131nca h\u00fck\u00fcm alt\u0131na al\u0131nan \u00f6nleyici koruma tedbirini ifade etmektedir. Fakat \u00f6nleyici tedbirler, halk dilinde ve uygulamada uzakla\u015ft\u0131rma karar\u0131 olarak yer edinmi\u015ftirler. Dolay\u0131s\u0131 ile bu sebeple daha anla\u015f\u0131l\u0131r olmas\u0131 bak\u0131m\u0131ndan makalemizde, \u00f6nleyici koruma tedbiri yerine uzakla\u015ft\u0131rma karar\u0131 kavram\u0131n\u0131 kullanaca\u011f\u0131z.<\/span>\n\n<span style=\"font-weight: 400;\">\u015eiddet, ki\u015finin, fiziksel, cinsel, psikolojik veya ekonomik a\u00e7\u0131dan zarar g\u00f6rmesiyle veya ac\u0131 \u00e7ekmesiyle sonu\u00e7lanan veya sonu\u00e7lanmas\u0131 muhtemel hareketleri, buna y\u00f6nelik tehdit ve bask\u0131y\u0131 ya da \u00f6zg\u00fcrl\u00fc\u011f\u00fcn keyf\u00ee engellenmesini de i\u00e7eren, toplumsal, kamusal veya \u00f6zel alanda meydana gelen fiziksel, cinsel, psikolojik, s\u00f6zl\u00fc veya ekonomik her t\u00fcrl\u00fc tutum ve davran\u0131\u015f\u0131 ifade etmektedir. Evden uzakla\u015ft\u0131rma karar\u0131n\u0131 bu anlamda, \u015fiddete u\u011frayan veya \u015fiddete u\u011frama ihtimali bulunan ki\u015fi veya ki\u015filerin herhangi bir cinsiyet ve ya\u015f ayr\u0131m\u0131 bulunmaks\u0131z\u0131n talep edilebilir.<\/span><span style=\"font-weight: 400;\">\n<\/span>\n\n<img loading=\"lazy\" decoding=\"async\" class=\" wp-image-6902\" src=\"https:\/\/www.celikavukatlik.com.tr\/wp-content\/uploads\/2018\/04\/Evden-Uzaklastirma-Kararini-Kimler-Talep-Edebilir.jpg\" alt=\"Evden Uzakla\u015ft\u0131rma Karar\u0131n\u0131 Kimler Talep Edebilir?\" width=\"586\" height=\"220\" \/>\n<h3><b>Evden Uzakla\u015ft\u0131rma Karar\u0131n\u0131 Kimler Talep Edebilir?<\/b><\/h3>\n<span style=\"font-weight: 400;\">Evden uzakla\u015ft\u0131rma karar\u0131n\u0131, \u015fiddete maruz kalan yani ki\u015finin fiziksel, cinsel, psikolojik veya ekonomik a\u00e7\u0131dan zarar g\u00f6rmesiyle veya ac\u0131 \u00e7ekmesiyle sonu\u00e7lanan veya sonu\u00e7lanmas\u0131 muhtemel hareketleri, buna y\u00f6nelik tehdit ve bask\u0131y\u0131 ya da \u00f6zg\u00fcrl\u00fc\u011f\u00fcn keyf\u00ee engellenmesini de i\u00e7eren, toplumsal, kamusal veya \u00f6zel alanda meydana gelen fiziksel, cinsel, psikolojik, s\u00f6zl\u00fc veya ekonomik her t\u00fcrl\u00fc tutum ve davran\u0131\u015fa maruz b\u0131rak\u0131lan ki\u015fi veya an\u0131lan davran\u0131\u015flara maruz b\u0131rak\u0131lma ihtimali y\u00fcksek olan ki\u015filer talep etme hakk\u0131na sahiptir. Bu anlamda evden uzakla\u015ft\u0131rma karar\u0131 talep edebilecek ki\u015filer bak\u0131m\u0131ndan bir cinsiyet ayr\u0131m\u0131 g\u00f6zetilmemektedir. Keza bir kad\u0131n yada bir erke\u011fin evden uzakla\u015ft\u0131rma talebinde bulunmas\u0131 bak\u0131m\u0131ndan bir fark bulunmamaktad\u0131r. Ayr\u0131ca an\u0131lan karar\u0131n talep edilmesi noktas\u0131nda, herhangi bir ya\u015f \u015fart\u0131 da \u00f6ng\u00f6r\u00fclmedi\u011finden dolay\u0131 bir \u00e7ocukta evden uzakla\u015ft\u0131rma karar\u0131 talebinde bulunabilecektir.<\/span>\n<h4><b>Evden Uzakla\u015ft\u0131rma Karar\u0131n\u0131 Hangi Makam Verir?<\/b><\/h4>\n<span style=\"font-weight: 400;\">Evden uzakla\u015ft\u0131rma karar\u0131, Aile Mahkemeleri taraf\u0131ndan verilir. Bu anlamda yukar\u0131da detayl\u0131 a\u00e7\u0131kland\u0131\u011f\u0131 \u00fczere evden uzakla\u015ft\u0131rma karar\u0131 ald\u0131rmak yada di\u011fer koruma tedbirlerine ba\u015fvurmak y\u00f6n\u00fcndeki taleplerinizi Aile Mahkemesine sunman\u0131z gerekir. Fakat koruma tedbirlerine ba\u015fvurman\u0131z\u0131 gerektirecek bir durumun vuku bulmas\u0131 halinde kolluk g\u00f6revlileri veya Cumhuriyet Savc\u0131l\u0131\u011f\u0131\u2019na iletece\u011finiz yaz\u0131l\u0131 veya s\u00f6zl\u00fc beyanlar\u0131n\u0131zla da koruma talebinde bulunman\u0131z m\u00fcmk\u00fcnd\u00fcr.<\/span>\n<h3><b>Evden Uzakla\u015ft\u0131rma Karar\u0131 Hangi T\u00fcrde Tedbirleri Kapsamaktad\u0131r?<\/b><\/h3>\n<span style=\"font-weight: 400;\">\u015eiddet uygulayanlarla ilgili olarak a\u015fa\u011f\u0131daki \u00f6nleyici tedbirlerden birine, birka\u00e7\u0131na veya uygun g\u00f6r\u00fclecek benzer tedbirlere h\u00e2kim taraf\u0131ndan karar verilebilir.<\/span>\n<h3><b>Ma\u011fdura Kar\u015f\u0131 Hakaret ve Tehtid Yasa\u011f\u0131 Getirilmesi<\/b><\/h3>\n<span style=\"font-weight: 400;\">Mahkemece, \u015fiddet uygulayan\u0131n \u015fiddet ma\u011fduruna y\u00f6nelik olarak \u015fiddet tehdidi, hakaret, a\u015fa\u011f\u0131lama veya k\u00fc\u00e7\u00fck d\u00fc\u015f\u00fcrmeyi i\u00e7eren s\u00f6z ve davran\u0131\u015flarda bulunmamas\u0131 y\u00f6n\u00fcnde karar verilebilir.<\/span>\n<h3><b>Evden Uzakla\u015ft\u0131rma Karar\u0131<\/b><\/h3>\n<span style=\"font-weight: 400;\">Mahkemece, \u015fiddet uygulayan\u0131n m\u00fc\u015fterek konuttan (yani ortak ya\u015fan\u0131lan konut, \u00f6rnek olarak \u015fiddet uygulayan e\u015finizle ya\u015fad\u0131\u011f\u0131n\u0131z ev) veya bulundu\u011fu yerden derh\u00e2l uzakla\u015ft\u0131r\u0131lmas\u0131 ve m\u00fc\u015fterek konutun korunan ki\u015fiye tahsis edilmesi y\u00f6n\u00fcnde karar verilebilir.<\/span>\n<h3><b>Adrese Yakla\u015fmama Karar\u0131<\/b><\/h3>\n<span style=\"font-weight: 400;\">Mahkemece, \u015fiddet uygulayan\u0131n korunan ki\u015filere, bu ki\u015filerin bulunduklar\u0131 konuta, okula ve i\u015f yerine yakla\u015fmamas\u0131 y\u00f6n\u00fcnde karar verilebilir.<\/span>\n<h3><b>\u00c7ocuklara Yakla\u015fmama Karar\u0131<\/b><\/h3>\n<span style=\"font-weight: 400;\">Mahkemece, \u015fiddet uygulayan\u0131n \u00e7ocuklarla ilgili daha \u00f6nce verilmi\u015f bir ki\u015fisel ili\u015fki kurma karar\u0131 varsa, ki\u015fisel ili\u015fkinin refakat\u00e7i e\u015fli\u011finde yap\u0131lmas\u0131, ki\u015fisel ili\u015fkinin s\u0131n\u0131rlanmas\u0131 ya da t\u00fcm\u00fcyle kald\u0131r\u0131lmas\u0131 hatta gerekli g\u00f6r\u00fclmesi h\u00e2linde korunan ki\u015finin, \u015fiddete u\u011framam\u0131\u015f olsa bile yak\u0131nlar\u0131na, tan\u0131klar\u0131na ve ki\u015fisel ili\u015fki kurulmas\u0131na ili\u015fkin h\u00e2ller sakl\u0131 kalmak \u00fczere \u00e7ocuklar\u0131na yakla\u015fmamas\u0131 y\u00f6n\u00fcnde karar verilebilir.<\/span>\n<h3><b>E\u015fyalara Zarar Verme Yasa\u011f\u0131<\/b><\/h3>\n<span style=\"font-weight: 400;\">Mahkemece, \u015fiddet uygulayan\u0131n korunan ki\u015finin \u015fahsi e\u015fyalar\u0131na ve ev e\u015fyalar\u0131na zarar vermemesi y\u00f6n\u00fcnde karar tesis edilebilir.<\/span>\n<h3><b>\u0130leti\u015fim Kurma Yasa\u011f\u0131<\/b><\/h3>\n<span style=\"font-weight: 400;\">Mahkemece, \u015fiddet uygulayan\u0131n korunan ki\u015fiyi ileti\u015fim ara\u00e7lar\u0131yla veya sair surette rahats\u0131z etmemesi y\u00f6n\u00fcnde karar tesis edilebilir.<\/span>\n<h3><b>Silah Bulundurma Yasa\u011f\u0131<\/b><\/h3>\n<span style=\"font-weight: 400;\">Mahkemece, \u015fiddet uygulayan\u0131n bulundurulmas\u0131 veya ta\u015f\u0131nmas\u0131na kanunen izin verilen silahlar\u0131 kollu\u011fa teslim etmesi y\u00f6n\u00fcnde karar tesis edilebilir. Ayr\u0131ca \u015fiddet uygulayan, silah ta\u015f\u0131mas\u0131 zorunlu olan bir kamu g\u00f6revi ifa etse bile bu g\u00f6revi nedeniyle zimmetinde bulunan silah\u0131 kurumuna teslim etmesine karar verilebilir.<\/span>\n<h3><b>Alkol ve Uyu\u015fturucu Kullanma Yasa\u011f\u0131<\/b><\/h3>\n<span style=\"font-weight: 400;\">Mahkemece, \u015fiddet uygulayan\u0131n \u00a0korunan ki\u015filerin bulunduklar\u0131 yerlerde alkol ya da uyu\u015fturucu veya uyar\u0131c\u0131 madde kullanmamas\u0131 ya da bu maddelerin etkisinde iken korunan ki\u015filere ve bunlar\u0131n bulunduklar\u0131 yerlere yakla\u015fmamas\u0131, ba\u011f\u0131ml\u0131l\u0131\u011f\u0131n\u0131n olmas\u0131 h\u00e2linde, hastaneye yatmak dahil, muayene ve tedavisinin sa\u011flanmas\u0131 y\u00f6n\u00fcnde karar tesis edilebilir.<\/span>\n<h3><b>Sa\u011fl\u0131k Kurulu\u015funa Ba\u015fvurma ve Tedavi Olma Zorunlulu\u011fu<\/b><\/h3>\n<span style=\"font-weight: 400;\">Mahkemece, \u015fiddet uygulayan\u0131n bir sa\u011fl\u0131k kurulu\u015funa muayene veya tedavi i\u00e7in ba\u015fvurmas\u0131 ve tedavisinin sa\u011flanmas\u0131 y\u00f6n\u00fcnde karar tesis edilebilir.<\/span>\n<h3><b>E\u015fim \u015eiddet Uyguluyor, \u015eikayet Etmem Halinde Nafaka Almam M\u00fcmk\u00fcn m\u00fcd\u00fcr?<\/b><\/h3>\n<span style=\"font-weight: 400;\">G\u00fcn\u00fcm\u00fczde ne yaz\u0131k ki aile i\u00e7i \u015fiddetin \u00f6nemli oranda artt\u0131\u011f\u0131 g\u00f6r\u00fclmektedir. Bu anlamda uygulamada aile i\u00e7i \u015fiddet ma\u011fduru kad\u0131n ve \u00e7ocuk genelde \u015fiddet uygulayan\u0131n e\u015fi veya babas\u0131 olmas\u0131 nedeniyle keza bu anlamda maddi a\u00e7\u0131dan \u015fiddet uygulayan ba\u011f\u0131ml\u0131 olmas\u0131 sebebi ile \u015fikayet etmekten \u00e7ekinmektedir. Bu gibi durumlarda Ailenin Korunmas\u0131 ve Kad\u0131na Kar\u015f\u0131 \u015eiddetin \u00d6nlemesi Hakk\u0131ndaki Kanun uyar\u0131nca ma\u011fduriyetleri \u00f6nlemek gidermek maksad\u0131yla \u015fiddet uygulayan, ayn\u0131 zamanda ailenin ge\u00e7imini sa\u011flayan yahut katk\u0131da bulunan ki\u015fi ise ve 4721 say\u0131l\u0131 Kanun h\u00fck\u00fcmlerine g\u00f6re nafakaya da h\u00fckmedilmemi\u015f olmas\u0131 kayd\u0131yla hakim, \u015fiddet ma\u011fdurunun ya\u015fam d\u00fczeyini g\u00f6z \u00f6n\u00fcnde bulundurarak talep edilmese dahi tedbir nafakas\u0131na h\u00fckmedebilir. Dolay\u0131s\u0131 ile b\u00f6yle bir durumda talep etmeseniz dahi mahkeme sizin lehinize olacak \u015fekilde ve ge\u00e7imizi sa\u011flaman\u0131z bak\u0131m\u0131ndan ihtiyac\u0131n\u0131z oldu\u011fu taktirde nafaka tedbirine h\u00fckmedecektir.<\/span>\n\n<img loading=\"lazy\" decoding=\"async\" class=\"alignnone size-full wp-image-6903\" src=\"https:\/\/www.celikavukatlik.com.tr\/wp-content\/uploads\/2018\/04\/Evden-Uzaklastirma-karari.jpg\" alt=\"\" width=\"800\" height=\"300\" \/>\n<h2><b>Evden Uzakla\u015ft\u0131rma Karar\u0131 Nas\u0131l Al\u0131n\u0131r?<\/b><\/h2>\n<span style=\"font-weight: 400;\">Evden uzakla\u015ft\u0131rma karar\u0131, yukar\u0131da detayl\u0131 a\u00e7\u0131kland\u0131\u011f\u0131 \u00fczere \u015fiddet ma\u011fduru ve\/veya \u015fiddete maruz kalma ihtimali olan ki\u015finin \u00a0ba\u015fvurusu \u00fczerine veya gecikmesinde sak\u0131nca bulunan haller ile tehlikeli durumlar\u0131n s\u00f6z konusu olmas\u0131 halinde re\u2019sen al\u0131nan bir karard\u0131r. Bu anlamda an\u0131lan karar\u0131 veya di\u011fer koruma tedbirlerini talep eden ki\u015fi, \u015fiddet iddialar\u0131n\u0131 destekler nitelikle delilleri ortaya koymal\u0131d\u0131r. \u00d6rne\u011fin darp raporu gibi. Dolay\u0131s\u0131 ile uzakla\u015ft\u0131rma karar\u0131 ald\u0131rmak istiyorsan\u0131z \u00f6ncelikle karar\u0131 vermeye yetkili mahkeme olan Aile mahkemesine ba\u015fvurman\u0131z\u0131 tavsiye ederiz. \u00a0Evden uzakla\u015ft\u0131rma karar\u0131 ald\u0131rmak i\u00e7in ba\u015fvurunuzu bizzat yapabilece\u011finiz gibi avukat\u0131n\u0131z arac\u0131l\u0131\u011f\u0131 ile de yapabilirsiniz. Evden uzakla\u015ft\u0131rma karar\u0131 veya di\u011fer koruma tedbirlerine ili\u015fkin talepleriniz bak\u0131m\u0131ndan b\u00fcromuz avukatlar\u0131 ile ileti\u015fime ge\u00e7meniz tavsiye olunur.<\/span>\n<h3><b>Evden Uzakla\u015ft\u0131rma Karar\u0131n\u0131n \u0130hlal Edilmesi Halinde Ne Olur?<\/b><\/h3>\n<span style=\"font-weight: 400;\">\u015eiddet uygulayan, bu karar\u0131n gereklerine ayk\u0131r\u0131 hareket etmesi h\u00e2linde, ihlal edilen tedbirin niteli\u011fine ve ayk\u0131r\u0131l\u0131\u011f\u0131n a\u011f\u0131rl\u0131\u011f\u0131na g\u00f6re h\u00e2kim karar\u0131yla 3 g\u00fcnden 10 \u00a0g\u00fcne kadar zorlama hapsine tabi tutulur. Ayr\u0131ca tedbir karar\u0131n\u0131n gereklerine ayk\u0131r\u0131l\u0131\u011f\u0131n her tekrar\u0131nda, ihlal edilen tedbirin niteli\u011fine ve ayk\u0131r\u0131l\u0131\u011f\u0131n a\u011f\u0131rl\u0131\u011f\u0131na g\u00f6re zorlama hapsinin s\u00fcresi \u00a015 g\u00fcnden 30 g\u00fcne kadard\u0131r. Ancak zorlama hapsinin toplam s\u00fcresi 6 ay\u0131 ge\u00e7emez. Bu anlamda zorlama hapsine ili\u015fkin kararlar, Cumhuriyet ba\u015fsavc\u0131l\u0131\u011f\u0131nca yerine getirilir. <\/span>\n<h3><b>Evden Uzakla\u015ft\u0131rma Karar\u0131na Nas\u0131l \u0130tiraz Edebilirim?<\/b><\/h3>\n<span style=\"font-weight: 400;\">Evden uzakla\u015ft\u0131rma karar\u0131na kar\u015f\u0131, karar\u0131n tefhim (karar\u0131n mahkemede okunmak suretiyle ilgililere bildirilmesi anlam\u0131na gelmektedir) veya tebli\u011f tarihinden itibaren iki hafta i\u00e7inde ilgililer taraf\u0131ndan aile mahkemesine itiraz edilebilir.<\/span>\n\n<span style=\"font-weight: 400;\">Nitekim hakim taraf\u0131ndan verilen tedbir kararlar\u0131na itiraz \u00fczerine dosya, o yerde aile mahkemesinin birden fazla dairesinin bulunmas\u0131 h\u00e2linde, numara olarak kendisini izleyen daireye, son numaral\u0131 daire i\u00e7in birinci daireye, o yerde aile mahkemesinin tek dairesi bulunmas\u0131 h\u00e2linde asliye hukuk mahkemesine, aile mahkemesi h\u00e2kimi ile asliye hukuk mahkemesi h\u00e2kiminin ayn\u0131 h\u00e2kim olmas\u0131 h\u00e2linde ise en yak\u0131n asliye hukuk mahkemesine gecikmeksizin g\u00f6nderilir.<\/span>\n\n<span style=\"font-weight: 400;\">\u0130tiraz merci karar\u0131n\u0131 bir hafta i\u00e7inde verir. Bu anlamda itiraz \u00fczerine verilen kararlar kesindir.<\/span>\n\n<hr \/>\n\n<strong>HUKUK\u0130 S\u00d6ZL\u00dcK<\/strong>\n\n<span style=\"font-weight: 400;\"><strong>Kad\u0131na y\u00f6nelik \u015fiddet:<\/strong> Kad\u0131nlara, yaln\u0131zca kad\u0131n olduklar\u0131 i\u00e7in uygulanan veya kad\u0131nlar\u0131 etkileyen cinsiyete dayal\u0131 bir ayr\u0131mc\u0131l\u0131k ile kad\u0131n\u0131n insan haklar\u0131 ihlaline yol a\u00e7an her t\u00fcrl\u00fc tutum ve davran\u0131\u015f\u0131,\n<\/span><span style=\"font-weight: 400;\">\n<\/span><span style=\"font-weight: 400;\"><strong>\u015eiddet:<\/strong> Ki\u015finin, fiziksel, cinsel, psikolojik veya ekonomik a\u00e7\u0131dan zarar g\u00f6rmesiyle veya ac\u0131 \u00e7ekmesiyle sonu\u00e7lanan veya sonu\u00e7lanmas\u0131 muhtemel hareketleri, buna y\u00f6nelik tehdit ve bask\u0131y\u0131 ya da \u00f6zg\u00fcrl\u00fc\u011f\u00fcn keyf\u00ee engellenmesini de i\u00e7eren, toplumsal, kamusal veya \u00f6zel alanda meydana gelen fiziksel, cinsel, psikolojik, s\u00f6zl\u00fc veya ekonomik her t\u00fcrl\u00fc tutum ve davran\u0131\u015f\u0131,\n<\/span><span style=\"font-weight: 400;\">\n<\/span><span style=\"font-weight: 400;\"><strong>\u015eiddet ma\u011fduru:<\/strong> \u015eiddet olarak tan\u0131mlanan tutum ve davran\u0131\u015flara do\u011frudan ya da dolayl\u0131 olarak maruz kalan veya kalma tehlikesi bulunan ki\u015fiyi ve \u015fiddetten etkilenen veya etkilenme tehlikesi bulunan ki\u015fileri,\n<\/span><span style=\"font-weight: 400;\">\n<\/span><span style=\"font-weight: 400;\"><strong>\u015eiddet \u00f6nleme ve izleme merkezleri:<\/strong> \u015eiddetin \u00f6nlenmesi ile koruyucu ve \u00f6nleyici tedbirlerin etkin olarak uygulanmas\u0131na y\u00f6nelik destek ve izleme hizmetlerinin verildi\u011fi, \u00e7al\u0131\u015fmalar\u0131n\u0131 yedi g\u00fcn 24 saat esas\u0131 ile y\u00fcr\u00fcten merkezleri,\n<\/span><span style=\"font-weight: 400;\">\n<\/span><span style=\"font-weight: 400;\"><strong>\u015eiddet uygulayan:<\/strong> \u015eiddet olarak tan\u0131mlanan tutum ve davran\u0131\u015flar\u0131 uygulayan veya uygulama tehlikesi bulunan ki\u015fileri, ifade etmektedir.<\/span><span style=\"font-weight: 400;\">\n<\/span>","protected":false},"excerpt":{"rendered":"Tedbir Karar\u0131 Nedir? \u015eiddet ma\u011fdurlar\u0131 ve \u015fiddet uygulayanlar hakk\u0131nda hakim, kolluk g\u00f6revlileri ve m\u00fclki amirler taraf\u0131ndan, istem \u00fczerine ve\/veya ilgili makam taraf\u0131ndan re\u2019sen verilecek olan ma\u011fduru korumaya y\u00f6nelik kararlar\u0131 ifade etmektedir. Koruma Tedbiri Nedir? Koruma tedbiri, 6284 Say\u0131l\u0131 Ailenin Korunmas\u0131&#8230;","protected":false},"author":1,"featured_media":6898,"comment_status":"open","ping_status":"open","sticky":false,"template":"","format":"standard","meta":{"footnotes":""},"categories":[16],"tags":[],"class_list":["post-5391","post","type-post","status-publish","format-standard","has-post-thumbnail","hentry","category-bosanma-hukuku"],"yoast_head":"<!-- This site is optimized with the Yoast SEO plugin v24.3 - https:\/\/yoast.com\/wordpress\/plugins\/seo\/ -->\n<title>Evden Uzakla\u015ft\u0131rma Karar\u0131 ve Koruma Tedbiri - \u00c7elik Avukatl\u0131k<\/title>\n<meta name=\"description\" content=\"Tedbir Karar\u0131 Nedir? \u015eiddet ma\u011fdurlar\u0131 ve \u015fiddet uygulayanlar hakk\u0131nda hakim, kolluk g\u00f6revlileri ve m\u00fclki amirler taraf\u0131ndan, istem \u00fczerine ve\/veya ilgili\" \/>\n<meta name=\"robots\" content=\"index, follow, max-snippet:-1, max-image-preview:large, max-video-preview:-1\" \/>\n<meta property=\"og:locale\" content=\"tr_TR\" \/>\n<meta property=\"og:type\" content=\"article\" \/>\n<meta property=\"og:title\" content=\"Evden Uzakla\u015ft\u0131rma Karar\u0131 ve Koruma Tedbiri - \u00c7elik Avukatl\u0131k\" \/>\n<meta property=\"og:description\" content=\"Tedbir Karar\u0131 Nedir? \u015eiddet ma\u011fdurlar\u0131 ve \u015fiddet uygulayanlar hakk\u0131nda hakim, kolluk g\u00f6revlileri ve m\u00fclki amirler taraf\u0131ndan, istem \u00fczerine ve\/veya ilgili\" \/>\n<meta property=\"og:url\" content=\"https:\/\/celikavukatlik.com\/tr\/evden-uzaklastirma-karari-ve-koruma-tedbiri\/\" \/>\n<meta property=\"og:site_name\" content=\"\u00c7elik Avukatl\u0131k\" \/>\n<meta property=\"article:published_time\" content=\"2018-04-02T07:57:56+00:00\" \/>\n<meta name=\"author\" content=\"admin\" \/>\n<meta name=\"twitter:card\" content=\"summary_large_image\" \/>\n<meta name=\"twitter:label1\" content=\"Yazan:\" \/>\n\t<meta name=\"twitter:data1\" content=\"admin\" \/>\n\t<meta name=\"twitter:label2\" content=\"Tahmini okuma s\u00fcresi\" \/>\n\t<meta name=\"twitter:data2\" content=\"12 dakika\" \/>\n<script type=\"application\/ld+json\" class=\"yoast-schema-graph\">{\"@context\":\"https:\/\/schema.org\",\"@graph\":[{\"@type\":\"WebPage\",\"@id\":\"https:\/\/celikavukatlik.com\/tr\/evden-uzaklastirma-karari-ve-koruma-tedbiri\/\",\"url\":\"https:\/\/celikavukatlik.com\/tr\/evden-uzaklastirma-karari-ve-koruma-tedbiri\/\",\"name\":\"Evden Uzakla\u015ft\u0131rma Karar\u0131 ve Koruma Tedbiri - \u00c7elik Avukatl\u0131k\",\"isPartOf\":{\"@id\":\"https:\/\/celikavukatlik.com\/#website\"},\"primaryImageOfPage\":{\"@id\":\"https:\/\/celikavukatlik.com\/tr\/evden-uzaklastirma-karari-ve-koruma-tedbiri\/#primaryimage\"},\"image\":{\"@id\":\"https:\/\/celikavukatlik.com\/tr\/evden-uzaklastirma-karari-ve-koruma-tedbiri\/#primaryimage\"},\"thumbnailUrl\":\"\",\"datePublished\":\"2018-04-02T07:57:56+00:00\",\"dateModified\":\"2018-04-02T07:57:56+00:00\",\"author\":{\"@id\":\"https:\/\/celikavukatlik.com\/#\/schema\/person\/23046b562652cbb6934aef5cc85430b6\"},\"description\":\"Tedbir Karar\u0131 Nedir? \u015eiddet ma\u011fdurlar\u0131 ve \u015fiddet uygulayanlar hakk\u0131nda hakim, kolluk g\u00f6revlileri ve m\u00fclki amirler taraf\u0131ndan, istem \u00fczerine ve\/veya ilgili\",\"inLanguage\":\"tr\",\"potentialAction\":[{\"@type\":\"ReadAction\",\"target\":[\"https:\/\/celikavukatlik.com\/tr\/evden-uzaklastirma-karari-ve-koruma-tedbiri\/\"]}]},{\"@type\":\"ImageObject\",\"inLanguage\":\"tr\",\"@id\":\"https:\/\/celikavukatlik.com\/tr\/evden-uzaklastirma-karari-ve-koruma-tedbiri\/#primaryimage\",\"url\":\"\",\"contentUrl\":\"\"},{\"@type\":\"WebSite\",\"@id\":\"https:\/\/celikavukatlik.com\/#website\",\"url\":\"https:\/\/celikavukatlik.com\/\",\"name\":\"\u00c7elik Avukatl\u0131k\",\"description\":\"\",\"potentialAction\":[{\"@type\":\"SearchAction\",\"target\":{\"@type\":\"EntryPoint\",\"urlTemplate\":\"https:\/\/celikavukatlik.com\/?s={search_term_string}\"},\"query-input\":{\"@type\":\"PropertyValueSpecification\",\"valueRequired\":true,\"valueName\":\"search_term_string\"}}],\"inLanguage\":\"tr\"},{\"@type\":\"Person\",\"@id\":\"https:\/\/celikavukatlik.com\/#\/schema\/person\/23046b562652cbb6934aef5cc85430b6\",\"name\":\"admin\",\"image\":{\"@type\":\"ImageObject\",\"inLanguage\":\"tr\",\"@id\":\"https:\/\/celikavukatlik.com\/#\/schema\/person\/image\/\",\"url\":\"https:\/\/secure.gravatar.com\/avatar\/e20087e7ca30182a622897e0557cac9eb8b7273435c0130c75a2ad3bf2d5295f?s=96&d=mm&r=g\",\"contentUrl\":\"https:\/\/secure.gravatar.com\/avatar\/e20087e7ca30182a622897e0557cac9eb8b7273435c0130c75a2ad3bf2d5295f?s=96&d=mm&r=g\",\"caption\":\"admin\"},\"sameAs\":[\"https:\/\/celikavukatlik.com\"]}]}<\/script>\n<!-- \/ Yoast SEO plugin. -->","yoast_head_json":{"title":"Evden Uzakla\u015ft\u0131rma Karar\u0131 ve Koruma Tedbiri - \u00c7elik Avukatl\u0131k","description":"Tedbir Karar\u0131 Nedir? \u015eiddet ma\u011fdurlar\u0131 ve \u015fiddet uygulayanlar hakk\u0131nda hakim, kolluk g\u00f6revlileri ve m\u00fclki amirler taraf\u0131ndan, istem \u00fczerine ve\/veya ilgili","robots":{"index":"index","follow":"follow","max-snippet":"max-snippet:-1","max-image-preview":"max-image-preview:large","max-video-preview":"max-video-preview:-1"},"og_locale":"tr_TR","og_type":"article","og_title":"Evden Uzakla\u015ft\u0131rma Karar\u0131 ve Koruma Tedbiri - \u00c7elik Avukatl\u0131k","og_description":"Tedbir Karar\u0131 Nedir? \u015eiddet ma\u011fdurlar\u0131 ve \u015fiddet uygulayanlar hakk\u0131nda hakim, kolluk g\u00f6revlileri ve m\u00fclki amirler taraf\u0131ndan, istem \u00fczerine ve\/veya ilgili","og_url":"https:\/\/celikavukatlik.com\/tr\/evden-uzaklastirma-karari-ve-koruma-tedbiri\/","og_site_name":"\u00c7elik Avukatl\u0131k","article_published_time":"2018-04-02T07:57:56+00:00","author":"admin","twitter_card":"summary_large_image","twitter_misc":{"Yazan:":"admin","Tahmini okuma s\u00fcresi":"12 dakika"},"schema":{"@context":"https:\/\/schema.org","@graph":[{"@type":"WebPage","@id":"https:\/\/celikavukatlik.com\/tr\/evden-uzaklastirma-karari-ve-koruma-tedbiri\/","url":"https:\/\/celikavukatlik.com\/tr\/evden-uzaklastirma-karari-ve-koruma-tedbiri\/","name":"Evden Uzakla\u015ft\u0131rma Karar\u0131 ve Koruma Tedbiri - \u00c7elik Avukatl\u0131k","isPartOf":{"@id":"https:\/\/celikavukatlik.com\/#website"},"primaryImageOfPage":{"@id":"https:\/\/celikavukatlik.com\/tr\/evden-uzaklastirma-karari-ve-koruma-tedbiri\/#primaryimage"},"image":{"@id":"https:\/\/celikavukatlik.com\/tr\/evden-uzaklastirma-karari-ve-koruma-tedbiri\/#primaryimage"},"thumbnailUrl":"","datePublished":"2018-04-02T07:57:56+00:00","dateModified":"2018-04-02T07:57:56+00:00","author":{"@id":"https:\/\/celikavukatlik.com\/#\/schema\/person\/23046b562652cbb6934aef5cc85430b6"},"description":"Tedbir Karar\u0131 Nedir? \u015eiddet ma\u011fdurlar\u0131 ve \u015fiddet uygulayanlar hakk\u0131nda hakim, kolluk g\u00f6revlileri ve m\u00fclki amirler taraf\u0131ndan, istem \u00fczerine ve\/veya ilgili","inLanguage":"tr","potentialAction":[{"@type":"ReadAction","target":["https:\/\/celikavukatlik.com\/tr\/evden-uzaklastirma-karari-ve-koruma-tedbiri\/"]}]},{"@type":"ImageObject","inLanguage":"tr","@id":"https:\/\/celikavukatlik.com\/tr\/evden-uzaklastirma-karari-ve-koruma-tedbiri\/#primaryimage","url":"","contentUrl":""},{"@type":"WebSite","@id":"https:\/\/celikavukatlik.com\/#website","url":"https:\/\/celikavukatlik.com\/","name":"\u00c7elik Avukatl\u0131k","description":"","potentialAction":[{"@type":"SearchAction","target":{"@type":"EntryPoint","urlTemplate":"https:\/\/celikavukatlik.com\/?s={search_term_string}"},"query-input":{"@type":"PropertyValueSpecification","valueRequired":true,"valueName":"search_term_string"}}],"inLanguage":"tr"},{"@type":"Person","@id":"https:\/\/celikavukatlik.com\/#\/schema\/person\/23046b562652cbb6934aef5cc85430b6","name":"admin","image":{"@type":"ImageObject","inLanguage":"tr","@id":"https:\/\/celikavukatlik.com\/#\/schema\/person\/image\/","url":"https:\/\/secure.gravatar.com\/avatar\/e20087e7ca30182a622897e0557cac9eb8b7273435c0130c75a2ad3bf2d5295f?s=96&d=mm&r=g","contentUrl":"https:\/\/secure.gravatar.com\/avatar\/e20087e7ca30182a622897e0557cac9eb8b7273435c0130c75a2ad3bf2d5295f?s=96&d=mm&r=g","caption":"admin"},"sameAs":["https:\/\/celikavukatlik.com"]}]}},"_links":{"self":[{"href":"https:\/\/celikavukatlik.com\/tr\/wp-json\/wp\/v2\/posts\/5391","targetHints":{"allow":["GET"]}}],"collection":[{"href":"https:\/\/celikavukatlik.com\/tr\/wp-json\/wp\/v2\/posts"}],"about":[{"href":"https:\/\/celikavukatlik.com\/tr\/wp-json\/wp\/v2\/types\/post"}],"author":[{"embeddable":true,"href":"https:\/\/celikavukatlik.com\/tr\/wp-json\/wp\/v2\/users\/1"}],"replies":[{"embeddable":true,"href":"https:\/\/celikavukatlik.com\/tr\/wp-json\/wp\/v2\/comments?post=5391"}],"version-history":[{"count":0,"href":"https:\/\/celikavukatlik.com\/tr\/wp-json\/wp\/v2\/posts\/5391\/revisions"}],"wp:featuredmedia":[{"embeddable":true,"href":"https:\/\/celikavukatlik.com\/tr\/wp-json\/"}],"wp:attachment":[{"href":"https:\/\/celikavukatlik.com\/tr\/wp-json\/wp\/v2\/media?parent=5391"}],"wp:term":[{"taxonomy":"category","embeddable":true,"href":"https:\/\/celikavukatlik.com\/tr\/wp-json\/wp\/v2\/categories?post=5391"},{"taxonomy":"post_tag","embeddable":true,"href":"https:\/\/celikavukatlik.com\/tr\/wp-json\/wp\/v2\/tags?post=5391"}],"curies":[{"name":"wp","href":"https:\/\/api.w.org\/{rel}","templated":true}]}}