{"id":5531,"date":"2018-04-04T14:22:53","date_gmt":"2018-04-04T11:22:53","guid":{"rendered":"https:\/\/www.celikavukatlik.com.tr\/?p=5531"},"modified":"2018-04-04T14:22:53","modified_gmt":"2018-04-04T11:22:53","slug":"adli-sicil-sabika-kaydinin-silinmesi","status":"publish","type":"post","link":"https:\/\/celikavukatlik.com\/tr\/adli-sicil-sabika-kaydinin-silinmesi\/","title":{"rendered":"Adli Sicil Sab\u0131ka Kayd\u0131n\u0131n Silinmesi"},"content":{"rendered":"<h2><b>Adli Sicil Kayd\u0131 (Sab\u0131ka Kayd\u0131) Nedir?<\/b><\/h2>\n<span style=\"font-weight: 400;\">Ki\u015filer hakk\u0131nda kesinle\u015fmi\u015f ceza ve g\u00fcvenlik tedbirlerine dair mahkumiyete ili\u015fkin bilgilerin otomatik i\u015fleme tabi bir sistem kullan\u0131larak toplanmas\u0131na, s\u0131n\u0131fland\u0131r\u0131lmas\u0131 ali sicil kayd\u0131 olarak ifade olunmaktad\u0131r. Halk aras\u0131nda sab\u0131ka kayd\u0131 olarak literat\u00fcre ge\u00e7en adli sicil kayd\u0131, \u00f6zetle ki\u015filerin su\u00e7 kay\u0131tlar\u0131n\u0131n tutuldu\u011fu bir sistemi ifade etmektedir. Bir mahkeme karar\u0131n\u0131n adli sicil kayd\u0131na i\u015flenmesi i\u00e7in kesinle\u015fmesi gerekmektedir. \u00d6rne\u011fin bir su\u00e7tan dolay\u0131 yap\u0131lan yarg\u0131lama neticesinde hakk\u0131n\u0131zda h\u00fckmolunan hapis cezas\u0131na kar\u015f\u0131, istinaf ve temyiz kanun yollar\u0131na ba\u015fvurmu\u015f iseniz bu halde alm\u0131\u015f oldu\u011funuz ceza sab\u0131ka kayd\u0131n\u0131zda yer almaz. Fakat Yarg\u0131tay\u2019 \u0131n aleyhine temyiz yoluna gidilen mahkeme h\u00fckm\u00fcn\u00fc onamas\u0131 durumunda karar kesinle\u015fir ve sab\u0131ka kayd\u0131n\u0131za kaydedilir.<\/span>\n\n<span style=\"font-weight: 400;\">Bu anlamda hakk\u0131nda T\u00fcrk mahkemeleri veya yabanc\u0131 \u00fclke mahkemeleri taraf\u0131ndan kesinle\u015fmi\u015f ve T\u00fcrk Hukukuna g\u00f6re tan\u0131nan mahk\u00fbmiyet karar\u0131 bulunan T\u00fcrk vatanda\u015flar\u0131 ile T\u00fcrkiye&#8217;de su\u00e7 i\u015flemi\u015f olan yabanc\u0131lar\u0131n kay\u0131tlar\u0131 da dahil t\u00fcm adli sicil bilgileri; bilgisayar ortam\u0131na aktar\u0131lmas\u0131n\u0131 takiben, Adalet Bakanl\u0131\u011f\u0131 Adli Sicil ve \u0130statistik Genel M\u00fcd\u00fcrl\u00fc\u011f\u00fcndeki Merkezi Adli Sicilde tutulur.<\/span>\n<b>\u00a0<img loading=\"lazy\" decoding=\"async\" class=\"alignnone size-full wp-image-5545\" title=\"Adli Sicil Kayd\u0131 (Sab\u0131ka Kayd\u0131) Nas\u0131l Silinir?\" src=\"https:\/\/www.celikavukatlik.com.tr\/wp-content\/uploads\/2018\/04\/Adli-Sicil-Kayd\u0131-Sab\u0131ka-Kayd\u0131-Nas\u0131l-Silinir.jpg\" alt=\"Adli Sicil Kayd\u0131 (Sab\u0131ka Kayd\u0131) Nas\u0131l Silinir?\" width=\"800\" height=\"300\" \/><\/b>\n<h2>Sab\u0131ka Kayd\u0131na \u0130\u015flenmesi Gereken Bilgiler Nelerdir??<\/h2>\n<span style=\"font-weight: 400;\">Adli sicil kayd\u0131n\u0131n nas\u0131l silinece\u011fi hususu Adli Sicil Kanunu uyar\u0131nca h\u00fck\u00fcm alt\u0131na al\u0131nm\u0131\u015ft\u0131r. Bu anlamda adli sicildeki bilgiler,<\/span>\n<ul>\n \t<li style=\"font-weight: 400;\"><span style=\"font-weight: 400;\">Cezan\u0131n veya g\u00fcvenlik tedbirinin infaz\u0131n\u0131n tamamlanmas\u0131 halinde adli sicil kayd\u0131 silinmelidir. \u00d6rne\u011fin hapis cezas\u0131 ise tahliye tarihi cezan\u0131n infaz\u0131n\u0131n tamamland\u0131\u011f\u0131 tarihtir. Dolay\u0131s\u0131 ile bu tarih itibariyle adli sicil kayd\u0131n\u0131n da kendili\u011finden silinmesi gerekmektedir.<\/span><\/li>\n \t<li style=\"font-weight: 400;\"><span style=\"font-weight: 400;\">Ceza mahkumiyetini b\u00fct\u00fcn sonu\u00e7lar\u0131yla ortadan kald\u0131ran \u015fikayetten vazge\u00e7me veya etkin pi\u015fmanl\u0131k durumunda adli sicil kayd\u0131 silinir.<\/span><\/li>\n \t<li style=\"font-weight: 400;\"><span style=\"font-weight: 400;\">Ceza zaman a\u015f\u0131m\u0131 s\u00fcresinin dolmas\u0131, halinde de adli sicil kayd\u0131n\u0131n silinmesi gerekir. Ceza zaman a\u015f\u0131m\u0131 s\u00fcresi, su\u00e7un i\u015flendi\u011fi tarih itibari ile belirli s\u00fcre i\u00e7erisinde kovu\u015fturulmamas\u0131 halinde daha sonra a\u00e7\u0131lacak davan\u0131n d\u00fc\u015fmesi sonucunu, do\u011furan bir ceza hukuk kurumudur. \u00d6rne\u011fin baz\u0131 su\u00e7lar\u0131n i\u015flenmesi tarihinden itibaren 15 \u00a0y\u0131l ge\u00e7mek ile zaman a\u015f\u0131m\u0131na u\u011frar. Dolay\u0131s\u0131 ile ilgili su\u00e7 bak\u0131m\u0131ndan tutulan sab\u0131ka kayd\u0131, 15 y\u0131l ge\u00e7tikten sonra adli sicil kayd\u0131ndan silinmelidir.<\/span><\/li>\n \t<li style=\"font-weight: 400;\"><span style=\"font-weight: 400;\">Genel af ve ilgilinin \u00f6l\u00fcm\u00fc \u00fczerine adli sicil kayd\u0131 tamamen silinir.<\/span><\/li>\n<\/ul>\n<span style=\"font-weight: 400;\">Fakat uygulamada adli sicil kayd\u0131n\u0131n, kanunen kendili\u011finden silinmesi gereken hallerde dahi silinmedi\u011fi vakalar ile s\u0131kl\u0131kla kar\u015f\u0131la\u015f\u0131lmaktad\u0131r. <\/span>\n\n<span style=\"font-weight: 400;\">Dolay\u0131s\u0131yla adli sicil kayd\u0131n\u0131z\u0131n silinmesi hususunda herhangi bir ma\u011fduriyet ya\u015famaman\u0131z i\u00e7in hukuki destek alman\u0131z\u0131 tavsiye ederiz. <\/span>\n\n<span style=\"font-weight: 400;\">Detayl\u0131 Bilgi ve Sab\u0131ka Kayd\u0131n\u0131z\u0131 Sildirmek \u0130\u00e7in \u00c7elik Avukatl\u0131k B\u00fcrosu \u0130le \u0130leti\u015fime Ge\u00e7meniz Tavsiye Olunur.<\/span>\n<h3><b>Sab\u0131ka Kayd\u0131m\u0131n Silinmesi \u0130\u00e7in Dava A\u00e7mam Gerekir Mi?<\/b><\/h3>\n<span style=\"font-weight: 400;\">Adli sicil kayd\u0131n\u0131z\u0131n silinmesi i\u00e7in mahkeme nezdinde bir dava a\u00e7man\u0131za gerek yoktur. \u015eayet kanunda belirtilen ve yukar\u0131da a\u00e7\u0131klanan hususlardan birinin vuku bulmas\u0131 halinde veya kanunda belirlenen s\u00fcrelerin ge\u00e7mesi halinde sab\u0131ka kayd\u0131n\u0131z hala silinmediyse ki bu sorunla uygulamada \u00e7ok s\u0131k kar\u015f\u0131la\u015f\u0131lmaktad\u0131r. B\u00f6yle bir durumda Adalet Bakanl\u0131\u011f\u0131 b\u00fcnyesinde yer alan Adli Sicil ve \u0130statistik Genel M\u00fcd\u00fcrl\u00fc\u011f\u00fc\u2019ne hitaben yaz\u0131lm\u0131\u015f ve adli sicil kayd\u0131n\u0131zda yer alan sab\u0131kan\u0131z\u0131n silinmesi talepli bir dilek\u00e7e ile kuruma ba\u015fvurman\u0131z gerekli ve yeterli olacakt\u0131r. Adli sicil kayd\u0131n\u0131zla ilgili herhangi bir ma\u011fduriyet ya\u015f\u0131yor iseniz ceza hukuk bilgisini haiz bir avukattan hukuki destek alman\u0131z\u0131 tavsiye ederiz.<\/span>\n<h3><b>Adli Sicil Kayd\u0131na Hangi Bilgiler \u0130\u015flenir?<\/b><\/h3>\n<span style=\"font-weight: 400;\">Adli sicil kayd\u0131n\u0131zda a\u015fa\u011f\u0131daki bilgiler yer almaktad\u0131r.<\/span>\n<ul>\n \t<li style=\"font-weight: 400;\"><span style=\"font-weight: 400;\">T\u00fcrk mahkemeleri taraf\u0131ndan vatanda\u015f veya yabanc\u0131 hakk\u0131nda verilmi\u015f ve kesinle\u015fmi\u015f mahk\u00fbmiyet h\u00fck\u00fcmleri adli sicile kaydedilir. Bu ba\u011flamda; hapis cezalar\u0131 ile ilgili olarak, hapis cezas\u0131na mahk\u00fbmiyet karar\u0131, ko\u015fullu sal\u0131verilme karar\u0131, ko\u015fullu sal\u0131verilme de denetim s\u00fcresinin uzat\u0131lmas\u0131na ili\u015fkin karar, ko\u015fullu sal\u0131verilme karar\u0131n\u0131n geri al\u0131nmas\u0131na dair ve hapis cezas\u0131n\u0131n infaz\u0131n\u0131n tamamland\u0131\u011f\u0131 hususu hakk\u0131ndaki kararlar adli sicile kaydedilmelidir.<\/span><\/li>\n \t<li style=\"font-weight: 400;\"><span style=\"font-weight: 400;\">Hapis cezas\u0131n\u0131n ertelenmesi halinde; denetim s\u00fcresi, denetim s\u00fcresinin y\u00fck\u00fcml\u00fcl\u00fcklere uygun veya iyi halli olarak ge\u00e7irilmesi dolay\u0131s\u0131yla cezan\u0131n infaz edilmi\u015f say\u0131ld\u0131\u011f\u0131 hususu, \u015fayet varsa ertelenen hapis cezas\u0131n\u0131n infaz kurumunda \u00e7ektirilmesine ili\u015fkin karar, adli sicile kaydedilmelidir.<\/span><\/li>\n \t<li style=\"font-weight: 400;\"><span style=\"font-weight: 400;\">Ki\u015fi hakk\u0131nda adl\u00ee para cezas\u0131na h\u00fckmedilmesi halinde adli para cezas\u0131na h\u00fckmolundu\u011funa dair karar da adli sicile kaydedilir. Bu ba\u011flamda adl\u00ee para cezas\u0131na ili\u015fkin mahk\u00fbmiyet h\u00fckm\u00fc, adl\u00ee para cezas\u0131n\u0131n \u00f6denmek suretiyle infaz edildi\u011fi hususu, adl\u00ee para cezas\u0131n\u0131n tazyik hapsi suretiyle k\u0131smen veya tamamen infaz edildi\u011fi hususu ve adl\u00ee para cezas\u0131n\u0131n tazyik hapsinden sonra kalan k\u0131sm\u0131n\u0131n \u00f6denmek suretiyle infaz edildi\u011fi hususu, sicilde yer almal\u0131d\u0131r.<\/span><\/li>\n \t<li style=\"font-weight: 400;\"><span style=\"font-weight: 400;\">K\u0131sa s\u00fcreli hapis cezas\u0131na se\u00e7enek yapt\u0131r\u0131ma mahk\u00fbmiyet halinde; k\u0131sa s\u00fcreli hapis cezas\u0131na se\u00e7enek yapt\u0131r\u0131m olarak, adli para cezas\u0131na mahk\u00fbmiyet veya g\u00fcvenlik tedbiri uygulanmas\u0131 y\u00f6n\u00fcnde mahkeme h\u00fckm\u00fc, k\u0131sa s\u00fcreli hapis cezas\u0131na se\u00e7enek yapt\u0131r\u0131m olarak h\u00fckmedilen g\u00fcvenlik tedbirinin gereklerinin yerine getirilmemesi dolay\u0131s\u0131yla hapis cezas\u0131n\u0131n infaz\u0131na ili\u015fkin karar, sicilde yer al\u0131r.<\/span><\/li>\n \t<li style=\"font-weight: 400;\"><span style=\"font-weight: 400;\">Belli haklar\u0131 kullanmaktan yoksun b\u0131rak\u0131lma ile ilgili olarak; Kasten i\u015flenen bir su\u00e7 nedeniyle hapis cezas\u0131na mahk\u00fbmiyetin kanuni sonucu olarak yoksun kal\u0131nan haklara cezan\u0131n ertelenmesi dolay\u0131s\u0131yla getirilen istisnaya ili\u015fkin karar, \u00a0sicilde yer al\u0131r.<\/span><\/li>\n \t<li style=\"font-weight: 400;\"><span style=\"font-weight: 400;\"> Ak\u0131l hastal\u0131\u011f\u0131 nedeniyle h\u00fckmedilen g\u00fcvenlik tedbirlerine ili\u015fkin kararlar, Adl\u00ee sicile kaydedilir. <\/span><\/li>\n<\/ul>\n<h3><b>Adli Sicil Kayd\u0131nda Yer Almayacak Kararlar Hangileridir?<\/b><\/h3>\n<span style=\"font-weight: 400;\">T\u00fcrk mahkemeleri taraf\u0131ndan verilmi\u015f olsa bile; a\u015fa\u011f\u0131daki \u00a0kararlar adl\u00ee sicilinize kaydedilmez.<\/span>\n<ul>\n \t<li style=\"font-weight: 400;\"><span style=\"font-weight: 400;\">Disiplin su\u00e7lar\u0131na ve s\u0131rf asker\u00ee su\u00e7lara ili\u015fkin mahk\u00fbmiyet h\u00fck\u00fcmleri,<\/span><\/li>\n \t<li style=\"font-weight: 400;\"><span style=\"font-weight: 400;\">Disiplin veya tazyik hapsine ili\u015fkin kararlar, <\/span><\/li>\n \t<li style=\"font-weight: 400;\"><span style=\"font-weight: 400;\">\u0130dari para cezas\u0131na ili\u015fkin kararlar.<\/span><\/li>\n<\/ul>\n<h4><b>Adli Para Cezas\u0131 Sab\u0131ka Kayd\u0131ma \u0130\u015fler Mi?<\/b><\/h4>\n<span style=\"font-weight: 400;\">Evet, adli para cezas\u0131na ili\u015fkin mahkeme kararlar\u0131 sab\u0131ka kayd\u0131n\u0131za i\u015flemektedir. \u015e\u00f6yle ki adli para cezas\u0131<\/span><span style=\"font-weight: 400;\">, mahkeme karar\u0131 ile h\u00fck\u00fcml\u00fcn\u00fcn belirli bir miktarda paray\u0131 devlet hazinesine \u00f6demesin ifade etmektedir. Adli sicil kayd\u0131n\u0131z, ise su\u00e7 ge\u00e7mi\u015finize ili\u015fkin bilgileri i\u00e7ermektedir. Bu anlamda i\u015fledi\u011finiz bir su\u00e7la ilgili olarak aleyhinizde adli para cezas\u0131na h\u00fckmedilmi\u015f ise bu hususta adli sicil kayd\u0131n\u0131zda yer alacakt\u0131r. Fakat adli para cezan\u0131z\u0131 tamamen \u00f6demeniz durumunda yani adli para cezas\u0131n\u0131n infaz edilmesi durumunda hakk\u0131n\u0131zdaki sicil kayd\u0131 silinmek suretiyle ar\u015five kald\u0131r\u0131lmaktad\u0131r.<\/span>\n<h4><b>Adli Sicil Kayd\u0131 ve HAGB (H\u00fckm\u00fcn A\u00e7\u0131klanmas\u0131n\u0131n Geri B\u0131rak\u0131lmas\u0131)<\/b><\/h4>\n<span style=\"font-weight: 400;\">Evet, h\u00fckm\u00fcn a\u00e7\u0131klanmas\u0131n\u0131n geri b\u0131rak\u0131lmas\u0131na dair kararlar sab\u0131ka kayd\u0131n\u0131zda bulunmaktad\u0131r. Fakat \u015f\u00f6yle ki<\/span><span style=\"font-weight: 400;\"> h\u00fckm\u00fcn a\u00e7\u0131klanmas\u0131n\u0131n geri b\u0131rak\u0131lmas\u0131, belirli \u015fartlar\u0131n varl\u0131\u011f\u0131 halinde, h\u00fckm\u00fcn san\u0131k hakk\u0131nda hukuki bir sonu\u00e7 do\u011furmamas\u0131n\u0131 ifade etmektedir.<\/span>\n\nBu anlamda <span style=\"font-weight: 400;\">h\u00fckm\u00fcn a\u00e7\u0131klanmas\u0131n\u0131n geri b\u0131rak\u0131lmas\u0131na dair kararlar, adli sicil kayd\u0131nda kendilerine \u00f6zel bir yere kay\u0131t edilirler. Nitekim kamu davas\u0131n\u0131n a\u00e7\u0131lmas\u0131n\u0131n ertelenmesine ve h\u00fckm\u00fcn a\u00e7\u0131klanmas\u0131n\u0131n geri b\u0131rak\u0131lmas\u0131na ili\u015fkin kararlar, ancak bir soru\u015fturma veya kovu\u015fturmayla ba\u011flant\u0131l\u0131 olarak mahkeme, h\u00e2kim, asker\u00ee h\u00e2kim, Cumhuriyet Ba\u015fsavc\u0131l\u0131\u011f\u0131 veya asker\u00ee savc\u0131l\u0131k taraf\u0131ndan istenmesi halinde verilmek \u00fczere kaydedilir.<\/span>\n\n<b><img loading=\"lazy\" decoding=\"async\" class=\"alignnone size-full wp-image-5547\" title=\"Adli Ar\u015fiv Kayd\u0131 Nas\u0131l Silinir?\" src=\"https:\/\/www.celikavukatlik.com.tr\/wp-content\/uploads\/2018\/04\/Adli-Ar\u015fiv-Kayd\u0131n\u0131-Nas\u0131l-Silinir.jpg\" alt=\"Adli Ar\u015fiv Kayd\u0131 Nas\u0131l Silinir?\" width=\"800\" height=\"300\" \/><\/b>\n<h3>Adli Ar\u015fiv Kayd\u0131 Nas\u0131l Silinir?<\/h3>\n<span style=\"font-weight: 400;\">Adli ar\u015fiv kayd\u0131n\u0131n da silinmesi m\u00fcmk\u00fcnd\u00fcr. Fakat bu hususta baz\u0131 \u015fartlar\u0131n da ger\u00e7ekle\u015fmesi gerekmektedir. Adli ar\u015fiv kayd\u0131 genel olarak, adli sicile i\u015flenen ve yukar\u0131da detayl\u0131 a\u00e7\u0131klanan bilgilerinizin belirli bir s\u00fcre ve \u015fartlar\u0131n ger\u00e7ekle\u015fmesi ile birlikte ta\u015f\u0131nd\u0131\u011f\u0131 kayd\u0131 ifade etmektedir. Bu anlamda kural olarak ar\u015fiv bilgileri;<\/span>\n<ul>\n \t<li style=\"font-weight: 400;\"><span style=\"font-weight: 400;\">\u0130lgilinin \u00f6l\u00fcm\u00fc \u00fczerine, <\/span><\/li>\n \t<li style=\"font-weight: 400;\"><span style=\"font-weight: 400;\">T\u00fcrk Ceza Kanunu d\u0131\u015f\u0131ndaki kanunlardan dolay\u0131 bir hak yoksunlu\u011funa neden olan mahk\u00fbmiyetler bak\u0131m\u0131ndan kayd\u0131n adli ar\u015five al\u0131nma ko\u015fullar\u0131n\u0131n olu\u015ftu\u011fu tarihten itibaren;<\/span><\/li>\n<\/ul>\n<ol>\n \t<li style=\"font-weight: 400;\"><span style=\"font-weight: 400;\">Yasaklanm\u0131\u015f haklar\u0131n geri verilmesi karar\u0131 al\u0131nmas\u0131 ko\u015fuluyla 15 y\u0131l ge\u00e7mesiyle, <\/span><\/li>\n \t<li style=\"font-weight: 400;\"><span style=\"font-weight: 400;\">Yasaklanm\u0131\u015f haklar\u0131n geri verilmesi karar\u0131 al\u0131nmas\u0131 ko\u015fulu aranmaks\u0131z\u0131n 30 y\u0131l ge\u00e7mesiyle,<\/span><\/li>\n<\/ol>\n<ul>\n \t<li style=\"font-weight: 400;\"><span style=\"font-weight: 400;\">Di\u011fer mahk\u00fbmiyetler bak\u0131m\u0131ndan kayd\u0131n ar\u015five al\u0131nma ko\u015fullar\u0131n\u0131n olu\u015ftu\u011fu tarihten itibaren 5 y\u0131l ge\u00e7mesiyle, tamamen silinir. <\/span><\/li>\n \t<li style=\"font-weight: 400;\"><span style=\"font-weight: 400;\">Su\u00e7a konu fiilin, kanunla su\u00e7 olmaktan \u00e7\u0131kar\u0131lmas\u0131 halinde, bu su\u00e7tan mahk\u00fbmiyete ili\u015fkin adl\u00ee sicil ve ar\u015fiv kay\u0131tlar\u0131, herhangi bir talep aranmaks\u0131z\u0131n tamamen silinir. <\/span><\/li>\n \t<li style=\"font-weight: 400;\"><span style=\"font-weight: 400;\">Ak\u0131l hastal\u0131\u011f\u0131 nedeniyle h\u00fckmedilen g\u00fcvenlik tedbirlerine ili\u015fkin kay\u0131tlar, infaz\u0131n\u0131n tamamlanmas\u0131yla ar\u015fivden tamamen silinir. (Bu d\u00fczenleme 2016 y\u0131l\u0131nda yap\u0131lan g\u00fcncel bir yasa de\u011fi\u015fikli\u011fi ile birlikte Adli Sicil Kanuna eklenmi\u015ftir.)<\/span><\/li>\n<\/ul>\n\n<hr \/>\n\n<b>HUKUK\u0130 S\u00d6ZL\u00dcK<\/b>\n\n&nbsp;\n\n<span style=\"font-weight: 400;\"><strong>\u015e\u00fcpheli:<\/strong> Soru\u015fturma evresinde, su\u00e7 \u015f\u00fcphesi alt\u0131nda bulunan ki\u015fiyi,<\/span>\n\n<span style=\"font-weight: 400;\">San\u0131k: Kovu\u015fturman\u0131n ba\u015flamas\u0131ndan itibaren h\u00fckm\u00fcn kesinle\u015fmesine kadar, su\u00e7 \u015f\u00fcphesi alt\u0131nda bulunan ki\u015fiyi,<\/span>\n\n<span style=\"font-weight: 400;\"><strong>M\u00fcdafi:<\/strong> \u015e\u00fcpheli veya san\u0131\u011f\u0131n ceza muhakemesinde savunmas\u0131n\u0131 yapan avukat\u0131,<\/span>\n\n<span style=\"font-weight: 400;\"><strong>Vekil:<\/strong> Kat\u0131lan, su\u00e7tan zarar g\u00f6ren veya malen sorumlu ki\u015fiyi ceza muhakemesinde temsil eden avukat\u0131,<\/span>\n\n<span style=\"font-weight: 400;\"><strong>Soru\u015fturma:<\/strong> Kanuna g\u00f6re yetkili mercilerce su\u00e7 \u015f\u00fcphesinin \u00f6\u011frenilmesinden iddianamenin kabul\u00fcne kadar ge\u00e7en evreyi,<\/span>\n\n<span style=\"font-weight: 400;\"><strong>Kovu\u015fturma:<\/strong> \u0130ddianamenin kabul\u00fcyle ba\u015flay\u0131p, h\u00fckm\u00fcn kesinle\u015fmesine kadar ge\u00e7en evreyi ifade etmektedir.<\/span>\n\n<b>Adli Sicil Kayd\u0131n\u0131z\u0131 Sildirmek ve Ceza Hukukundan Do\u011fan Davalar\u0131n\u0131z Hakk\u0131nda Hukuki Destek Almak \u0130\u00e7in B\u00fcromuz Avukatlar\u0131 \u0130le \u0130leti\u015fime Ge\u00e7meniz Tavsiye Olunur.<\/b>","protected":false},"excerpt":{"rendered":"Adli Sicil Kayd\u0131 (Sab\u0131ka Kayd\u0131) Nedir? Ki\u015filer hakk\u0131nda kesinle\u015fmi\u015f ceza ve g\u00fcvenlik tedbirlerine dair mahkumiyete ili\u015fkin bilgilerin otomatik i\u015fleme tabi bir sistem kullan\u0131larak toplanmas\u0131na, s\u0131n\u0131fland\u0131r\u0131lmas\u0131 ali sicil kayd\u0131 olarak ifade olunmaktad\u0131r. Halk aras\u0131nda sab\u0131ka kayd\u0131 olarak literat\u00fcre ge\u00e7en adli sicil&#8230;","protected":false},"author":1,"featured_media":5532,"comment_status":"open","ping_status":"open","sticky":false,"template":"","format":"standard","meta":{"footnotes":""},"categories":[22],"tags":[],"class_list":["post-5531","post","type-post","status-publish","format-standard","has-post-thumbnail","hentry","category-ceza-hukuku"],"yoast_head":"<!-- This site is optimized with the Yoast SEO plugin v24.3 - https:\/\/yoast.com\/wordpress\/plugins\/seo\/ -->\n<title>Adli Sicil Sab\u0131ka Kayd\u0131n\u0131n Silinmesi - \u00c7elik Avukatl\u0131k<\/title>\n<meta name=\"description\" content=\"Adli Sicil Kayd\u0131 (Sab\u0131ka Kayd\u0131) Nedir? Ki\u015filer hakk\u0131nda kesinle\u015fmi\u015f ceza ve g\u00fcvenlik tedbirlerine dair mahkumiyete ili\u015fkin bilgilerin otomatik i\u015fleme tabi\" \/>\n<meta name=\"robots\" content=\"index, follow, max-snippet:-1, max-image-preview:large, max-video-preview:-1\" \/>\n<meta property=\"og:locale\" content=\"tr_TR\" \/>\n<meta property=\"og:type\" content=\"article\" \/>\n<meta property=\"og:title\" content=\"Adli Sicil Sab\u0131ka Kayd\u0131n\u0131n Silinmesi - \u00c7elik Avukatl\u0131k\" \/>\n<meta property=\"og:description\" content=\"Adli Sicil Kayd\u0131 (Sab\u0131ka Kayd\u0131) Nedir? Ki\u015filer hakk\u0131nda kesinle\u015fmi\u015f ceza ve g\u00fcvenlik tedbirlerine dair mahkumiyete ili\u015fkin bilgilerin otomatik i\u015fleme tabi\" \/>\n<meta property=\"og:url\" content=\"https:\/\/celikavukatlik.com\/tr\/adli-sicil-sabika-kaydinin-silinmesi\/\" \/>\n<meta property=\"og:site_name\" content=\"\u00c7elik Avukatl\u0131k\" \/>\n<meta property=\"article:published_time\" content=\"2018-04-04T11:22:53+00:00\" \/>\n<meta name=\"author\" content=\"admin\" \/>\n<meta name=\"twitter:card\" content=\"summary_large_image\" \/>\n<meta name=\"twitter:label1\" content=\"Yazan:\" \/>\n\t<meta name=\"twitter:data1\" content=\"admin\" \/>\n\t<meta name=\"twitter:label2\" content=\"Tahmini okuma s\u00fcresi\" \/>\n\t<meta name=\"twitter:data2\" content=\"9 dakika\" \/>\n<script type=\"application\/ld+json\" class=\"yoast-schema-graph\">{\"@context\":\"https:\/\/schema.org\",\"@graph\":[{\"@type\":\"WebPage\",\"@id\":\"https:\/\/celikavukatlik.com\/tr\/adli-sicil-sabika-kaydinin-silinmesi\/\",\"url\":\"https:\/\/celikavukatlik.com\/tr\/adli-sicil-sabika-kaydinin-silinmesi\/\",\"name\":\"Adli Sicil Sab\u0131ka Kayd\u0131n\u0131n Silinmesi - \u00c7elik Avukatl\u0131k\",\"isPartOf\":{\"@id\":\"https:\/\/celikavukatlik.com\/#website\"},\"primaryImageOfPage\":{\"@id\":\"https:\/\/celikavukatlik.com\/tr\/adli-sicil-sabika-kaydinin-silinmesi\/#primaryimage\"},\"image\":{\"@id\":\"https:\/\/celikavukatlik.com\/tr\/adli-sicil-sabika-kaydinin-silinmesi\/#primaryimage\"},\"thumbnailUrl\":\"\",\"datePublished\":\"2018-04-04T11:22:53+00:00\",\"dateModified\":\"2018-04-04T11:22:53+00:00\",\"author\":{\"@id\":\"https:\/\/celikavukatlik.com\/#\/schema\/person\/23046b562652cbb6934aef5cc85430b6\"},\"description\":\"Adli Sicil Kayd\u0131 (Sab\u0131ka Kayd\u0131) Nedir? Ki\u015filer hakk\u0131nda kesinle\u015fmi\u015f ceza ve g\u00fcvenlik tedbirlerine dair mahkumiyete ili\u015fkin bilgilerin otomatik i\u015fleme tabi\",\"inLanguage\":\"tr\",\"potentialAction\":[{\"@type\":\"ReadAction\",\"target\":[\"https:\/\/celikavukatlik.com\/tr\/adli-sicil-sabika-kaydinin-silinmesi\/\"]}]},{\"@type\":\"ImageObject\",\"inLanguage\":\"tr\",\"@id\":\"https:\/\/celikavukatlik.com\/tr\/adli-sicil-sabika-kaydinin-silinmesi\/#primaryimage\",\"url\":\"\",\"contentUrl\":\"\"},{\"@type\":\"WebSite\",\"@id\":\"https:\/\/celikavukatlik.com\/#website\",\"url\":\"https:\/\/celikavukatlik.com\/\",\"name\":\"\u00c7elik Avukatl\u0131k\",\"description\":\"\",\"potentialAction\":[{\"@type\":\"SearchAction\",\"target\":{\"@type\":\"EntryPoint\",\"urlTemplate\":\"https:\/\/celikavukatlik.com\/?s={search_term_string}\"},\"query-input\":{\"@type\":\"PropertyValueSpecification\",\"valueRequired\":true,\"valueName\":\"search_term_string\"}}],\"inLanguage\":\"tr\"},{\"@type\":\"Person\",\"@id\":\"https:\/\/celikavukatlik.com\/#\/schema\/person\/23046b562652cbb6934aef5cc85430b6\",\"name\":\"admin\",\"image\":{\"@type\":\"ImageObject\",\"inLanguage\":\"tr\",\"@id\":\"https:\/\/celikavukatlik.com\/#\/schema\/person\/image\/\",\"url\":\"https:\/\/secure.gravatar.com\/avatar\/e20087e7ca30182a622897e0557cac9eb8b7273435c0130c75a2ad3bf2d5295f?s=96&d=mm&r=g\",\"contentUrl\":\"https:\/\/secure.gravatar.com\/avatar\/e20087e7ca30182a622897e0557cac9eb8b7273435c0130c75a2ad3bf2d5295f?s=96&d=mm&r=g\",\"caption\":\"admin\"},\"sameAs\":[\"https:\/\/celikavukatlik.com\"]}]}<\/script>\n<!-- \/ Yoast SEO plugin. -->","yoast_head_json":{"title":"Adli Sicil Sab\u0131ka Kayd\u0131n\u0131n Silinmesi - \u00c7elik Avukatl\u0131k","description":"Adli Sicil Kayd\u0131 (Sab\u0131ka Kayd\u0131) Nedir? Ki\u015filer hakk\u0131nda kesinle\u015fmi\u015f ceza ve g\u00fcvenlik tedbirlerine dair mahkumiyete ili\u015fkin bilgilerin otomatik i\u015fleme tabi","robots":{"index":"index","follow":"follow","max-snippet":"max-snippet:-1","max-image-preview":"max-image-preview:large","max-video-preview":"max-video-preview:-1"},"og_locale":"tr_TR","og_type":"article","og_title":"Adli Sicil Sab\u0131ka Kayd\u0131n\u0131n Silinmesi - \u00c7elik Avukatl\u0131k","og_description":"Adli Sicil Kayd\u0131 (Sab\u0131ka Kayd\u0131) Nedir? Ki\u015filer hakk\u0131nda kesinle\u015fmi\u015f ceza ve g\u00fcvenlik tedbirlerine dair mahkumiyete ili\u015fkin bilgilerin otomatik i\u015fleme tabi","og_url":"https:\/\/celikavukatlik.com\/tr\/adli-sicil-sabika-kaydinin-silinmesi\/","og_site_name":"\u00c7elik Avukatl\u0131k","article_published_time":"2018-04-04T11:22:53+00:00","author":"admin","twitter_card":"summary_large_image","twitter_misc":{"Yazan:":"admin","Tahmini okuma s\u00fcresi":"9 dakika"},"schema":{"@context":"https:\/\/schema.org","@graph":[{"@type":"WebPage","@id":"https:\/\/celikavukatlik.com\/tr\/adli-sicil-sabika-kaydinin-silinmesi\/","url":"https:\/\/celikavukatlik.com\/tr\/adli-sicil-sabika-kaydinin-silinmesi\/","name":"Adli Sicil Sab\u0131ka Kayd\u0131n\u0131n Silinmesi - \u00c7elik Avukatl\u0131k","isPartOf":{"@id":"https:\/\/celikavukatlik.com\/#website"},"primaryImageOfPage":{"@id":"https:\/\/celikavukatlik.com\/tr\/adli-sicil-sabika-kaydinin-silinmesi\/#primaryimage"},"image":{"@id":"https:\/\/celikavukatlik.com\/tr\/adli-sicil-sabika-kaydinin-silinmesi\/#primaryimage"},"thumbnailUrl":"","datePublished":"2018-04-04T11:22:53+00:00","dateModified":"2018-04-04T11:22:53+00:00","author":{"@id":"https:\/\/celikavukatlik.com\/#\/schema\/person\/23046b562652cbb6934aef5cc85430b6"},"description":"Adli Sicil Kayd\u0131 (Sab\u0131ka Kayd\u0131) Nedir? Ki\u015filer hakk\u0131nda kesinle\u015fmi\u015f ceza ve g\u00fcvenlik tedbirlerine dair mahkumiyete ili\u015fkin bilgilerin otomatik i\u015fleme tabi","inLanguage":"tr","potentialAction":[{"@type":"ReadAction","target":["https:\/\/celikavukatlik.com\/tr\/adli-sicil-sabika-kaydinin-silinmesi\/"]}]},{"@type":"ImageObject","inLanguage":"tr","@id":"https:\/\/celikavukatlik.com\/tr\/adli-sicil-sabika-kaydinin-silinmesi\/#primaryimage","url":"","contentUrl":""},{"@type":"WebSite","@id":"https:\/\/celikavukatlik.com\/#website","url":"https:\/\/celikavukatlik.com\/","name":"\u00c7elik Avukatl\u0131k","description":"","potentialAction":[{"@type":"SearchAction","target":{"@type":"EntryPoint","urlTemplate":"https:\/\/celikavukatlik.com\/?s={search_term_string}"},"query-input":{"@type":"PropertyValueSpecification","valueRequired":true,"valueName":"search_term_string"}}],"inLanguage":"tr"},{"@type":"Person","@id":"https:\/\/celikavukatlik.com\/#\/schema\/person\/23046b562652cbb6934aef5cc85430b6","name":"admin","image":{"@type":"ImageObject","inLanguage":"tr","@id":"https:\/\/celikavukatlik.com\/#\/schema\/person\/image\/","url":"https:\/\/secure.gravatar.com\/avatar\/e20087e7ca30182a622897e0557cac9eb8b7273435c0130c75a2ad3bf2d5295f?s=96&d=mm&r=g","contentUrl":"https:\/\/secure.gravatar.com\/avatar\/e20087e7ca30182a622897e0557cac9eb8b7273435c0130c75a2ad3bf2d5295f?s=96&d=mm&r=g","caption":"admin"},"sameAs":["https:\/\/celikavukatlik.com"]}]}},"_links":{"self":[{"href":"https:\/\/celikavukatlik.com\/tr\/wp-json\/wp\/v2\/posts\/5531","targetHints":{"allow":["GET"]}}],"collection":[{"href":"https:\/\/celikavukatlik.com\/tr\/wp-json\/wp\/v2\/posts"}],"about":[{"href":"https:\/\/celikavukatlik.com\/tr\/wp-json\/wp\/v2\/types\/post"}],"author":[{"embeddable":true,"href":"https:\/\/celikavukatlik.com\/tr\/wp-json\/wp\/v2\/users\/1"}],"replies":[{"embeddable":true,"href":"https:\/\/celikavukatlik.com\/tr\/wp-json\/wp\/v2\/comments?post=5531"}],"version-history":[{"count":0,"href":"https:\/\/celikavukatlik.com\/tr\/wp-json\/wp\/v2\/posts\/5531\/revisions"}],"wp:featuredmedia":[{"embeddable":true,"href":"https:\/\/celikavukatlik.com\/tr\/wp-json\/"}],"wp:attachment":[{"href":"https:\/\/celikavukatlik.com\/tr\/wp-json\/wp\/v2\/media?parent=5531"}],"wp:term":[{"taxonomy":"category","embeddable":true,"href":"https:\/\/celikavukatlik.com\/tr\/wp-json\/wp\/v2\/categories?post=5531"},{"taxonomy":"post_tag","embeddable":true,"href":"https:\/\/celikavukatlik.com\/tr\/wp-json\/wp\/v2\/tags?post=5531"}],"curies":[{"name":"wp","href":"https:\/\/api.w.org\/{rel}","templated":true}]}}