{"id":5727,"date":"2018-04-20T15:11:31","date_gmt":"2018-04-20T12:11:31","guid":{"rendered":"https:\/\/www.celikavukatlik.com.tr\/?p=5727"},"modified":"2018-04-20T15:11:31","modified_gmt":"2018-04-20T12:11:31","slug":"is-akdinin-isci-ve-isveren-tarafindan-feshi","status":"publish","type":"post","link":"https:\/\/celikavukatlik.com\/tr\/is-akdinin-isci-ve-isveren-tarafindan-feshi\/","title":{"rendered":"\u0130\u015f Akdinin \u0130\u015f\u00e7i ve \u0130\u015fveren Taraf\u0131ndan Feshi"},"content":{"rendered":"<h2><b>\u0130\u015f S\u00f6zle\u015fmesinin Feshi Nedir?<\/b><\/h2>\n<span style=\"font-weight: 400;\">\u0130\u015f s\u00f6zle\u015fmesi, her iki tarafa bor\u00e7 y\u00fckleyen bir s\u00f6zle\u015fme niteli\u011fini haizdir. Dolay\u0131s\u0131 ile i\u015f\u00e7i ve i\u015fveren aras\u0131nda yap\u0131lan ve her iki tarafa kar\u015f\u0131l\u0131kl\u0131 y\u00fck\u00fcml\u00fcl\u00fckler y\u00fckleyen bu s\u00f6zle\u015fmenin, sona erdirilmesi de yine her iki taraf\u0131ndan s\u00f6zle\u015fmenin sona ermesi hususunda mutab\u0131k kalmalar\u0131 ile yada bir taraf\u0131nda di\u011fer tarafa s\u00f6zle\u015fmeyi sona erdirdi\u011fine dair iradesini ula\u015ft\u0131rmas\u0131 ile yani fesih ile m\u00fcmk\u00fcn olur.<\/span>\n<h2><b>\u0130\u015f s\u00f6zle\u015fmenin \u0130\u015f\u00e7i Taraf\u0131ndan Feshi<\/b><\/h2>\n<span style=\"font-weight: 400;\">\u0130\u015f s\u00f6zle\u015fmesi, kanunda say\u0131l\u0131 hallerde belirli s\u00fcreli olarak, di\u011fer haller bak\u0131m\u0131ndan belirsiz s\u00fcreli i\u015f s\u00f6zle\u015fmesi \u015feklinde yap\u0131lmaktad\u0131r. Belirli s\u00fcreli bir i\u015f s\u00f6zle\u015fmesi esasen s\u00f6zle\u015fmeden belirlenen s\u00fcrenin dolmas\u0131 ile birlikte i\u015f akdinin feshi maksad\u0131yla yap\u0131lmaktad\u0131r. Ancak kanunda say\u0131l\u0131 baz\u0131 hallerde belirli s\u00fcreli i\u015f s\u00f6zle\u015fmesinin uzat\u0131lmas\u0131 da m\u00fcmk\u00fcn olmaktad\u0131r. \u0130\u015f s\u00f6zle\u015fmesinin feshi kural olarak ge\u00e7erli bir sebebe istinaden yap\u0131lmal\u0131d\u0131r. S\u00f6zle\u015fme s\u00fcresi belirli olsun veya olmas\u0131n i\u015f\u00e7i, kanunda yaz\u0131l\u0131 olan ve a\u015fa\u011f\u0131da a\u00e7\u0131klanacak olan baz\u0131 hallerde i\u015f s\u00f6zle\u015fmesini s\u00fcrenin bitiminden \u00f6nce veya bildirim s\u00fcresini beklemeksizin feshedebilir.<\/span>\n<h2><b>\u0130\u015f\u00e7inin \u0130\u015f S\u00f6zle\u015fmesini Hakl\u0131 Sebeple Fesih Hakk\u0131<\/b><\/h2>\n<ul>\n \t<li><b><b>Sa\u011fl\u0131k Sebepleri Dolay\u0131s\u0131 \u0130le Fesih<\/b><\/b><\/li>\n \t<li><b><span style=\"font-weight: 400;\">\u0130\u015f s\u00f6zle\u015fmesinin konusu olan i\u015fin yap\u0131lmas\u0131 i\u015fin niteli\u011finden do\u011fan bir sebeple i\u015f\u00e7inin sa\u011fl\u0131\u011f\u0131 veya ya\u015fay\u0131\u015f\u0131 i\u00e7in tehlikeli olursa,<\/span><\/b><\/li>\n \t<li><span style=\"font-weight: 400;\"><span style=\"font-weight: 400;\">\u0130\u015f\u00e7inin s\u00fcrekli olarak yak\u0131ndan ve do\u011frudan \u00a0bulu\u015fup g\u00f6r\u00fc\u015ft\u00fc\u011f\u00fc i\u015fveren yahut ba\u015fka bir i\u015f\u00e7i bula\u015f\u0131c\u0131 veya i\u015f\u00e7inin i\u015fi ile ba\u011fda\u015fmayan bir hastal\u0131\u011fa tutulursa,<\/span><\/span><\/li>\n \t<li><b><b>Ahlak ve \u0130yiniyet Kurallar\u0131na Uymayan Haller Dolay\u0131s\u0131 ile Fesih<\/b><\/b><\/li>\n \t<li><b><span style=\"font-weight: 400;\">\u0130\u015fveren i\u015f s\u00f6zle\u015fmesi yap\u0131ld\u0131\u011f\u0131 s\u0131rada bu s\u00f6zle\u015fmenin esasl\u0131 noktalar\u0131ndan biri hakk\u0131nda \u00a0\u00a0yanl\u0131\u015f vas\u0131flar veya \u015fartlar g\u00f6stermek yahut ger\u00e7e\u011fe uygun olmayan bilgiler vermek veya s\u00f6zler s\u00f6ylemek suretiyle i\u015f\u00e7iyi yan\u0131lt\u0131rsa,<\/span><\/b><\/li>\n<\/ul>\n<ul>\n \t<li><span style=\"font-weight: 400;\">\u0130\u015fveren i\u015f\u00e7inin veya ailesi \u00fcyelerinden birinin \u015feref ve namusuna dokunacak \u015fekilde s\u00f6zler s\u00f6yler, davran\u0131\u015flarda bulunursa veya i\u015f\u00e7iye cinsel tacizde bulunursa,<\/span><\/li>\n<\/ul>\n<ul>\n \t<li><span style=\"font-weight: 400;\">\u0130\u015fveren i\u015f\u00e7iye veya ailesi \u00fcyelerinden birine kar\u015f\u0131 sata\u015fmada bulunur veya g\u00f6zda\u011f\u0131 verirse, yahut i\u015f\u00e7iyi veya ailesi \u00fcyelerinden birini kanuna kar\u015f\u0131 davran\u0131\u015fa \u00f6zendirir, k\u0131\u015fk\u0131rt\u0131r, s\u00fcr\u00fckler, yahut i\u015f\u00e7iye ve ailesi \u00fcyelerinden birine kar\u015f\u0131 hapsi gerektiren bir su\u00e7 i\u015flerse yahut i\u015f\u00e7i hakk\u0131nda \u015feref ve haysiyet k\u0131r\u0131c\u0131 as\u0131ls\u0131z a\u011f\u0131r isnad veya ithamlarda bulunursa,<\/span><\/li>\n<\/ul>\n<ul>\n \t<li><span style=\"font-weight: 400;\">\u0130\u015f\u00e7inin di\u011fer bir i\u015f\u00e7i veya \u00fc\u00e7\u00fcnc\u00fc ki\u015filer taraf\u0131ndan i\u015fyerinde cinsel tacize u\u011framas\u0131 ve bu durumu i\u015fverene bildirmesine ra\u011fmen gerekli \u00f6nlemler al\u0131nmazsa,<\/span><\/li>\n<\/ul>\n<ul>\n \t<li><span style=\"font-weight: 400;\">\u0130\u015fveren taraf\u0131ndan i\u015f\u00e7inin \u00fccreti kanun h\u00fck\u00fcmleri veya s\u00f6zle\u015fme \u015fartlar\u0131na uygun olarak hesap edilmez veya \u00f6denmezse,<\/span><\/li>\n \t<li><span style=\"font-weight: 400;\"><span style=\"font-weight: 400;\">\u00dccretin par\u00e7a ba\u015f\u0131na veya i\u015f tutar\u0131 \u00fczerinden \u00f6denmesi kararla\u015ft\u0131r\u0131l\u0131p da i\u015fveren taraf\u0131ndan i\u015f\u00e7iye yapabilece\u011fi say\u0131 ve tutardan az i\u015f verildi\u011fi hallerde, aradaki \u00fccret fark\u0131 zaman esas\u0131na g\u00f6re \u00f6denerek i\u015f\u00e7inin eksik ald\u0131\u011f\u0131 \u00fccret kar\u015f\u0131lanmazsa, yahut \u00e7al\u0131\u015fma \u015fartlar\u0131 \u00a0uygulanmaz ise, i\u015f\u00e7i i\u015f s\u00f6zle\u015fmesini fesih edebilir.<\/span><\/span><\/li>\n \t<li><b><b>Zorlay\u0131c\u0131 Sebepler Nedeniyle Fesih<\/b><\/b><\/li>\n \t<li style=\"font-weight: 400;\"><span style=\"font-weight: 400;\">\u0130\u015f\u00e7inin \u00e7al\u0131\u015ft\u0131\u011f\u0131 i\u015f yerinde bir haftadan fazla s\u00fcre ile i\u015fin durmas\u0131n\u0131 gerektirecek zorlay\u0131c\u0131 sebeplerin vuku bulmas\u0131 halinde i\u015f\u00e7i bu sebebe istinaden i\u015f s\u00f6zle\u015fmesini fesih edebilir.<\/span><\/li>\n<\/ul>\n<h3><b>Maa\u015flar\u0131m\u0131z\u0131 hi\u00e7 zaman\u0131nda alam\u0131yoruz. Bu hakl\u0131 fesih sebebi midir?<\/b><\/h3>\n<span style=\"font-weight: 400;\">Evet, maa\u015flar\u0131n\u0131z\u0131 zaman\u0131nda alamaman\u0131z i\u015f s\u00f6zle\u015fmesiniz fesih etmeniz bak\u0131m\u0131ndan hakl\u0131 bir nedendir. \u0130\u015f\u00e7inin maa\u015f\u0131 yani \u00fccreti kural olarak en ge\u00e7 ayda bir \u00f6denir. \u0130\u015f s\u00f6zle\u015fmeleri veya toplu i\u015f s\u00f6zle\u015fmeleri ile \u00f6deme s\u00fcresi bir haftaya kadar indirilebilir. \u0130\u015fveren taraf\u0131ndan i\u015f\u00e7inin \u00fccreti kanun h\u00fck\u00fcmleri veya s\u00f6zle\u015fme \u015fartlar\u0131na uygun olarak hesap edilmez veya \u00f6denmezse, i\u015f\u00e7i bu nedene istinaden i\u015f s\u00f6zle\u015fmesini feshedebilir. Ayr\u0131ca \u00fccreti \u00f6deme g\u00fcn\u00fcnden itibaren yirmi g\u00fcn i\u00e7inde m\u00fccbir bir neden d\u0131\u015f\u0131nda \u00f6denmeyen i\u015f\u00e7i, i\u015f g\u00f6rme borcunu yerine getirmekten ka\u00e7\u0131nabilir. Bu nedenle ki\u015fisel kararlar\u0131na dayanarak i\u015f g\u00f6rme borcunu yerine getirmemeleri say\u0131sal olarak toplu bir nitelik kazansa dahi grev olarak nitelendirilemez. G\u00fcn\u00fcnde \u00f6denmeyen \u00fccretler i\u00e7in mevduata uygulanan en y\u00fcksek faiz oran\u0131 uygulan\u0131r. Bu i\u015f\u00e7ilerin bu nedenle i\u015f akitleri \u00e7al\u0131\u015fmad\u0131klar\u0131 i\u00e7in feshedilemez ve yerine yeni i\u015f\u00e7i al\u0131namaz, bu i\u015fler ba\u015fkalar\u0131na yapt\u0131r\u0131lamaz.<\/span>\n<h3><b>Sa\u011fl\u0131k problemlerim i\u015fe devam etmeme engel oluyor. Bu hakl\u0131 fesih <\/b><b>sebebi<\/b><b> midir?<\/b><\/h3>\n<span style=\"font-weight: 400;\">Evet, yapmakta oldu\u011funuz i\u015f sa\u011fl\u0131\u011f\u0131n\u0131z a\u00e7\u0131s\u0131ndan sak\u0131ncal\u0131 ise bu durum i\u015f s\u00f6zle\u015fmesini fesih etmeniz bak\u0131m\u0131ndan hakl\u0131 bir neden te\u015fkil edecektir. Zira i\u015f s\u00f6zle\u015fmesinin konusu olan i\u015fin yap\u0131lmas\u0131 ve i\u015fin niteli\u011finden do\u011fan bir sebeple i\u015f\u00e7inin sa\u011fl\u0131\u011f\u0131 veya ya\u015fay\u0131\u015f\u0131 i\u00e7in tehlikeli bir durum s\u00f6z olursa, i\u015f\u00e7i i\u015f s\u00f6zle\u015fmesini s\u00fcrenin bitiminden \u00f6nce veya bildirim s\u00fcresini beklemeksizin feshedebilir. \u0130\u015f\u00e7i, s\u00fcrekli olarak yak\u0131ndan ve do\u011frudan \u00a0bulu\u015fup g\u00f6r\u00fc\u015ft\u00fc\u011f\u00fc i\u015fveren yahut ba\u015fka bir i\u015f\u00e7inin bula\u015f\u0131c\u0131 veya i\u015f\u00e7inin i\u015fi ile ba\u011fda\u015fmayan bir hastal\u0131\u011fa tutulmas\u0131 halinde de fesih hakk\u0131n\u0131 kullanabilir.<\/span>\n<h3><b>\u0130\u015fverenin \u00dccret, \u0130\u015f Tan\u0131m\u0131, \u0130\u015fyeri Ve Benzeri \u0130\u015fe \u0130li\u015fkin Esasl\u0131 Konularda \u0130\u015f\u00e7iyi Kand\u0131rmas\u0131<\/b><\/h3>\n<span style=\"font-weight: 400;\">\u0130\u015fveren i\u015f s\u00f6zle\u015fmesi yap\u0131ld\u0131\u011f\u0131 s\u0131rada bu s\u00f6zle\u015fmenin esasl\u0131 noktalar\u0131ndan biri hakk\u0131nda \u00a0\u00a0yanl\u0131\u015f vas\u0131flar veya \u015fartlar g\u00f6stermek yahut ger\u00e7e\u011fe uygun olmayan bilgiler vermek veya s\u00f6zler s\u00f6ylemek suretiyle i\u015f\u00e7iyi yan\u0131lt\u0131rsa i\u015f\u00e7i bu nedene istinaden i\u015f s\u00f6zle\u015fmesini, s\u00fcrenin bitiminden \u00f6nce veya bildirim s\u00fcresini beklemeksizin feshedebilir. \u00d6rne\u011fin i\u015fveren, i\u015f\u00e7iden i\u015f g\u00f6r\u00fc\u015fmesinde s\u00f6ylediklerinden \u00e7ok daha farkl\u0131 i\u015fleri yapmas\u0131n\u0131 bekliyorsa yani i\u015fin tan\u0131m\u0131 konusunda i\u015f\u00e7iyi yan\u0131ltm\u0131\u015fsa i\u015f\u00e7i s\u00f6zle\u015fmeyi feshedebilir.<\/span>\n<h3><b>\u0130\u015fverenin Hakaret Etmesi<\/b><\/h3>\n<span style=\"font-weight: 400;\">Hakaret; bir kimseye, ki\u015filik ve onurunu zedeleyici nitelikte s\u00f6zler sarf edilmesi anlam\u0131na gelir. \u0130\u015fveren i\u015f\u00e7inin veya i\u015f\u00e7inin aile \u00fcyelerinden birinin \u015feref ve namusuna dokunacak \u015fekilde s\u00f6zler s\u00f6ylerse yani hakaret ederse i\u015f\u00e7i, i\u015f s\u00f6zle\u015fmesini s\u00fcrenin bitiminden \u00f6nce veya bildirim s\u00fcresini beklemeksizin feshedebilir. Ayr\u0131ca hakarete u\u011fras\u0131 dolay\u0131s\u0131 ile ki\u015filik haklar\u0131na \u00a0sald\u0131r\u0131da bulunulan bir i\u015f\u00e7inin manevi tazminat isteme hakk\u0131 sakl\u0131d\u0131r.<\/span>\n<h3><b>\u0130\u015fverenin Tehdit Etmesi<\/b><\/h3>\n<span style=\"font-weight: 400;\">Tehtid; korkutmak ve kand\u0131rmak suretiyle bir kimseyi bir\u015feyi yapmak veya yapmamak zorunda b\u0131rak anlam\u0131na gelir. \u0130\u015fveren i\u015f\u00e7iye veya ailesi \u00fcyelerinden birine kar\u015f\u0131 sata\u015fmada bulunur veya g\u00f6zda\u011f\u0131 verirse yani tehtid ederse, i\u015f\u00e7i i\u015f s\u00f6zle\u015fmesini s\u00fcrenin bitiminden \u00f6nce veya bildirim s\u00fcresini beklemeksizin feshedebilir.<\/span>\n<h3><b>\u0130\u015fverenin \u00c7al\u0131\u015fan\u0131 Su\u00e7a Tahrik ve Te\u015fvik Etmesi <\/b><\/h3>\n<span style=\"font-weight: 400;\">Bir kimseyi su\u00e7a tahrik eden ve te\u015fvik eden kimsede o su\u00e7 dolay\u0131s\u0131 ile cezaland\u0131r\u0131l\u0131r. Ceza hukuku ba\u011flam\u0131nda b\u00f6yle bir ki\u015fiye azmettiren denilmektedir. \u0130\u015fveren i\u015f\u00e7iyi veya i\u015f\u00e7inin \u00a0aile \u00fcyelerinden birini kanuna kar\u015f\u0131 davran\u0131\u015fa \u00f6zendirir, k\u0131\u015fk\u0131rt\u0131r, s\u00fcr\u00fckler, yahut i\u015f\u00e7iye ve ailesi \u00fcyelerinden birine kar\u015f\u0131 hapsi gerektiren bir su\u00e7 i\u015flerse i\u015f\u00e7i, i\u015f s\u00f6zle\u015fmesini s\u00fcrenin bitiminden \u00f6nce veya bildirim s\u00fcresini beklemeksizin feshedebilir.<\/span>&lt;\/\n<h3><b>\u00c7al\u0131\u015fan\u0131n \u0130\u015f yerinde Cinsel Tacize U\u011framas\u0131<\/b><\/h3>\n<span style=\"font-weight: 400;\">\u0130\u015fveren, \u0130\u015f\u00e7iye cinsel tacizde bulunursa yada i\u015f\u00e7inin di\u011fer bir i\u015f\u00e7i veya \u00fc\u00e7\u00fcnc\u00fc ki\u015filer taraf\u0131ndan i\u015fyerinde cinsel tacize u\u011framas\u0131 ve bu durumu i\u015fverene bildirmesine ra\u011fmen gerekli \u00f6nlemleri almazsa ,i\u015f\u00e7i i\u015f s\u00f6zle\u015fmesini s\u00fcrenin bitiminden \u00f6nce veya bildirim s\u00fcresini beklemeksizin feshedebilir. <\/span>\n<h2><b>\u0130\u015f s\u00f6zle\u015fmenin \u0130\u015fveren Taraf\u0131ndan Feshi<\/b><\/h2>\n<span style=\"font-weight: 400;\">\u0130\u015f s\u00f6zle\u015fmesinin i\u015fveren taraf\u0131ndan fesih edilebilmesi i\u00e7in ge\u00e7erli bir nedene ihtiya\u00e7 vard\u0131r. S\u00fcresi belirli olsun veya olmas\u0131n i\u015fveren, a\u015fa\u011f\u0131da yaz\u0131l\u0131 hallerde i\u015f s\u00f6zle\u015fmesini s\u00fcrenin bitiminden \u00f6nce veya bildirim s\u00fcresini beklemeksizin feshedebilir.<\/span>\n<ul>\n \t<li style=\"font-weight: 400;\"><span style=\"font-weight: 400;\">\u0130\u015f\u00e7inin kendi kast\u0131ndan veya derli toplu olmayan ya\u015fay\u0131\u015f\u0131ndan yahut i\u00e7kiye d\u00fc\u015fk\u00fcnl\u00fc\u011f\u00fcnden do\u011facak bir hastal\u0131\u011fa veya sakatl\u0131\u011fa u\u011framas\u0131 halinde, bu sebeple do\u011facak devams\u0131zl\u0131\u011f\u0131n ard\u0131 ard\u0131na \u00fc\u00e7 i\u015f g\u00fcn\u00fc veya bir ayda be\u015f i\u015f g\u00fcn\u00fcnden fazla s\u00fcrmesi,<\/span><\/li>\n \t<li style=\"font-weight: 400;\"><span style=\"font-weight: 400;\">\u0130\u015f\u00e7inin tutuldu\u011fu hastal\u0131\u011f\u0131n tedavi edilemeyecek nitelikte oldu\u011fu ve i\u015f yerinde \u00e7al\u0131\u015fmas\u0131nda sak\u0131nca bulundu\u011funun Sa\u011fl\u0131k Kurulunca saptanmas\u0131 durumunda,<\/span><\/li>\n \t<li style=\"font-weight: 400;\"><span style=\"font-weight: 400;\">\u0130\u015f s\u00f6zle\u015fmesi yap\u0131ld\u0131\u011f\u0131 s\u0131rada bu s\u00f6zle\u015fmenin esasl\u0131 noktalar\u0131ndan biri i\u00e7in gerekli vas\u0131flar veya \u015fartlar kendisinde bulunmad\u0131\u011f\u0131 halde bunlar\u0131n kendisinde bulundu\u011funu ileri s\u00fcrerek, yahut ger\u00e7e\u011fe uygun olmayan bilgiler veya s\u00f6zler s\u00f6yleyerek i\u015f\u00e7inin i\u015fvereni yan\u0131ltmas\u0131,<\/span><\/li>\n \t<li style=\"font-weight: 400;\"><span style=\"font-weight: 400;\">\u0130\u015f\u00e7inin, i\u015fveren yahut bunlar\u0131n aile \u00fcyelerinden birinin \u015feref ve namusuna dokunacak s\u00f6zler sarfetmesi veya davran\u0131\u015flarda bulunmas\u0131, yahut i\u015fveren hakk\u0131nda \u015feref ve haysiyet k\u0131r\u0131c\u0131 as\u0131ls\u0131z ihbar ve isnadlarda bulunmas\u0131,<\/span><\/li>\n \t<li style=\"font-weight: 400;\"><span style=\"font-weight: 400;\">\u0130\u015f\u00e7inin i\u015fverenin ba\u015fka bir i\u015f\u00e7isine cinsel tacizde bulunmas\u0131 \u00f6rne\u011fin i\u015f\u00e7i \u00e7al\u0131\u015fma arkada\u015flar\u0131ndan birine ahlak ve adaba uymayan bir teklifte bulunursa i\u015fveren i\u015f s\u00f6zle\u015fmesini bu hakl\u0131 nedene istinaden fesih edebilir.<\/span><\/li>\n \t<li style=\"font-weight: 400;\"><span style=\"font-weight: 400;\">\u0130\u015f\u00e7inin i\u015fverene yahut onun ailesi \u00fcyelerinden birine yahut i\u015fverenin ba\u015fka i\u015f\u00e7isine sata\u015fmas\u0131, ahlak ve adaba ayk\u0131r\u0131 davran\u0131\u015flarda bulunmas\u0131,<\/span><\/li>\n \t<li style=\"font-weight: 400;\"><span style=\"font-weight: 400;\">\u0130\u015f\u00e7inin, i\u015fverenin g\u00fcvenini k\u00f6t\u00fcye kullanmak, h\u0131rs\u0131zl\u0131k yapmak, i\u015fverenin meslek s\u0131rlar\u0131n\u0131 ortaya atmak gibi do\u011fruluk ve ba\u011fl\u0131l\u0131\u011fa uymayan davran\u0131\u015flarda bulunmas\u0131,<\/span><\/li>\n \t<li style=\"font-weight: 400;\"><span style=\"font-weight: 400;\">\u0130\u015f\u00e7inin, i\u015fyerinde, yedi g\u00fcnden fazla hapisle cezaland\u0131r\u0131lan ve cezas\u0131 ertelenmeyen bir su\u00e7 i\u015flemesi,<\/span><\/li>\n \t<li style=\"font-weight: 400;\"><span style=\"font-weight: 400;\">\u0130\u015f\u00e7inin i\u015fverenden izin almaks\u0131z\u0131n veya hakl\u0131 bir sebebe dayanmaks\u0131z\u0131n ard\u0131 ard\u0131na iki i\u015fg\u00fcn\u00fc veya bir ay i\u00e7inde iki defa herhangi bir tatil g\u00fcn\u00fcnden sonraki i\u015f g\u00fcn\u00fc, yahut bir ayda \u00fc\u00e7 i\u015fg\u00fcn\u00fc i\u015fine devam etmemesi,<\/span><\/li>\n \t<li style=\"font-weight: 400;\"><span style=\"font-weight: 400;\">\u0130\u015f\u00e7inin yapmakla \u00f6devli bulundu\u011fu g\u00f6revleri kendisine hat\u0131rlat\u0131ld\u0131\u011f\u0131 halde yapmamakta \u0131srar etmesi,<\/span><\/li>\n \t<li style=\"font-weight: 400;\"><span style=\"font-weight: 400;\">\u0130\u015f\u00e7inin kendi iste\u011fi veya savsamas\u0131 y\u00fcz\u00fcnden i\u015fin g\u00fcvenli\u011fini tehlikeye d\u00fc\u015f\u00fcrmesi, i\u015fyerinin mal\u0131 olan veya mal\u0131 olmay\u0131p da eli alt\u0131nda bulunan makineleri, tesisat\u0131 veya ba\u015fka e\u015fya ve maddeleri otuz g\u00fcnl\u00fck \u00fccretinin tutar\u0131yla \u00f6deyemeyecek derecede hasara ve kayba u\u011fratmas\u0131,<\/span><\/li>\n \t<li style=\"font-weight: 400;\"><span style=\"font-weight: 400;\">\u0130\u015f\u00e7iyi i\u015fyerinde bir haftadan fazla s\u00fcre ile \u00e7al\u0131\u015fmaktan al\u0131koyan zorlay\u0131c\u0131 bir sebebin ortaya \u00e7\u0131kmas\u0131 halinde \u00f6rne\u011fin i\u015f\u00e7inin g\u00f6zalt\u0131na al\u0131nmas\u0131 ve tutuklanmas\u0131 gibi durumlarda i\u015f s\u00f6zle\u015fmenin fesih edilmesi m\u00fcmk\u00fcnd\u00fcr.<\/span><\/li>\n<\/ul>\n<h3><b>\u0130\u015fe \u0130ade Davas\u0131 Nedir?<\/b><\/h3>\n<span style=\"font-weight: 400;\">\u0130\u015f s\u00f6zle\u015fmesi bir sebep g\u00f6sterilmeksizin veya ge\u00e7ersiz bir sebebe istinaden fesih edilen i\u015f\u00e7i, \u0130\u015f Mahkemeleri nezdinde a\u00e7aca\u011f\u0131 bir dava ile i\u015fe iadesini talep edebilir. \u0130\u015fe iade davas\u0131 i\u015f g\u00fcvencesini sa\u011flayan bir davad\u0131r. \u0130\u015f g\u00fcvencesi kapsam\u0131nda \u00e7al\u0131\u015fan bir i\u015f\u00e7i, i\u015f s\u00f6zle\u015fmesinin ge\u00e7ersiz bir nedene dayan\u0131larak feshedildi\u011fi kanaatinde ise \u0130\u015f<\/span> <span style=\"font-weight: 400;\">Kanunu\u2019nun 20. Maddesi<\/span> <span style=\"font-weight: 400;\">h\u00fck\u00fcmleri uyar\u0131nca, fesih bildiriminde sebep g\u00f6sterilmedi\u011fi veya g\u00f6sterilen sebebin ge\u00e7erli bir sebep olmad\u0131\u011f\u0131 iddias\u0131 ile fesih bildiriminin tebli\u011fi tarihinden itibaren \u00a0bir ay i\u00e7erisinde i\u015f mahkemesinde dava a\u00e7abilir. Detayl\u0131 bilgi i\u00e7in <\/span><span style=\"font-weight: 400;\">i\u015fe iade davas\u0131 nas\u0131l a\u00e7\u0131l\u0131r ba\u015fl\u0131kl\u0131 yaz\u0131m\u0131z\u0131 okuman\u0131z\u0131 tavsiye ederiz.<\/span>\n\n<span style=\"font-weight: 400;\">Yukar\u0131da detayl\u0131 bahsedilen hukuki meseleler dolay\u0131s\u0131 ile herhangi bir hak kayb\u0131na u\u011framamak ve olas\u0131 bir ma\u011fduriyet ya\u015faman\u0131z i\u00e7in i\u015f hukuku alan\u0131nda \u00e7al\u0131\u015fan bir avukattan hukuki yard\u0131m alman\u0131z \u00a0faydal\u0131 olacakt\u0131r. \u0130\u015f hukukundan do\u011fan uyu\u015fmazl\u0131klar hakk\u0131nda detayl\u0131 bilgi almak i\u00e7in dilerseniz \u00c7elik Hukuk B\u00fcrosu ile ileti\u015fime ge\u00e7ebilirsiniz.<\/span>\n\n<hr \/>\n\n<strong>HUKUK\u0130 S\u00d6ZL\u00dcK\n\n<\/strong>\n\n<span style=\"font-weight: 400;\"><strong>Hak d\u00fc\u015f\u00fcr\u00fcc\u00fc s\u00fcre:<\/strong> Mahkemeler taraf\u0131ndan resen dikkate al\u0131n\u0131r ve a\u015f\u0131lmas\u0131 halinde talep resen reddolunur.<\/span>\n\n<span style=\"font-weight: 400;\"><strong>K\u0131dem:<\/strong> \u0130\u015f yerinde \u00e7al\u0131\u015fma s\u00fcresi<\/span>\n\n<span style=\"font-weight: 400;\"><strong>Alti\u015fveren:<\/strong> Bir i\u015fte veya bir i\u015fin b\u00f6l\u00fcm veya eklentilerinde i\u015fverenden i\u015f alan ve kendi ad\u0131na <\/span> <span style=\"font-weight: 400;\">sigortal\u0131 \u00e7al\u0131\u015ft\u0131ran \u00fc\u00e7\u00fcnc\u00fc ki\u015fiye arac\u0131 denir. Ancak, uygulama ve doktrinde as\u0131l i\u015fverenle olan ili\u015fkiyi belirginle\u015ftirmek amac\u0131yla yasan\u0131n \u201carac\u0131\u201d olarak adland\u0131rd\u0131\u011f\u0131 ki\u015fiye \u201calt i\u015fveren\u201d ad\u0131 verilmektedir.<\/span>","protected":false},"excerpt":{"rendered":"\u0130\u015f S\u00f6zle\u015fmesinin Feshi Nedir? \u0130\u015f s\u00f6zle\u015fmesi, her iki tarafa bor\u00e7 y\u00fckleyen bir s\u00f6zle\u015fme niteli\u011fini haizdir. Dolay\u0131s\u0131 ile i\u015f\u00e7i ve i\u015fveren aras\u0131nda yap\u0131lan ve her iki tarafa kar\u015f\u0131l\u0131kl\u0131 y\u00fck\u00fcml\u00fcl\u00fckler y\u00fckleyen bu s\u00f6zle\u015fmenin, sona erdirilmesi de yine her iki taraf\u0131ndan s\u00f6zle\u015fmenin sona&#8230;","protected":false},"author":1,"featured_media":5730,"comment_status":"open","ping_status":"open","sticky":false,"template":"","format":"standard","meta":{"footnotes":""},"categories":[19],"tags":[],"class_list":["post-5727","post","type-post","status-publish","format-standard","has-post-thumbnail","hentry","category-is-hukuku"],"yoast_head":"<!-- This site is optimized with the Yoast SEO plugin v24.3 - https:\/\/yoast.com\/wordpress\/plugins\/seo\/ -->\n<title>\u0130\u015f Akdinin \u0130\u015f\u00e7i ve \u0130\u015fveren Taraf\u0131ndan Feshi - \u00c7elik Avukatl\u0131k<\/title>\n<meta name=\"description\" content=\"\u0130\u015f S\u00f6zle\u015fmesinin Feshi Nedir? \u0130\u015f s\u00f6zle\u015fmesi, her iki tarafa bor\u00e7 y\u00fckleyen bir s\u00f6zle\u015fme niteli\u011fini haizdir. Dolay\u0131s\u0131 ile i\u015f\u00e7i ve i\u015fveren aras\u0131nda yap\u0131lan\" \/>\n<meta name=\"robots\" content=\"index, follow, max-snippet:-1, max-image-preview:large, max-video-preview:-1\" \/>\n<meta property=\"og:locale\" content=\"tr_TR\" \/>\n<meta property=\"og:type\" content=\"article\" \/>\n<meta property=\"og:title\" content=\"\u0130\u015f Akdinin \u0130\u015f\u00e7i ve \u0130\u015fveren Taraf\u0131ndan Feshi - \u00c7elik Avukatl\u0131k\" \/>\n<meta property=\"og:description\" content=\"\u0130\u015f S\u00f6zle\u015fmesinin Feshi Nedir? \u0130\u015f s\u00f6zle\u015fmesi, her iki tarafa bor\u00e7 y\u00fckleyen bir s\u00f6zle\u015fme niteli\u011fini haizdir. Dolay\u0131s\u0131 ile i\u015f\u00e7i ve i\u015fveren aras\u0131nda yap\u0131lan\" \/>\n<meta property=\"og:url\" content=\"https:\/\/celikavukatlik.com\/tr\/is-akdinin-isci-ve-isveren-tarafindan-feshi\/\" \/>\n<meta property=\"og:site_name\" content=\"\u00c7elik Avukatl\u0131k\" \/>\n<meta property=\"article:published_time\" content=\"2018-04-20T12:11:31+00:00\" \/>\n<meta name=\"author\" content=\"admin\" \/>\n<meta name=\"twitter:card\" content=\"summary_large_image\" \/>\n<meta name=\"twitter:label1\" content=\"Yazan:\" \/>\n\t<meta name=\"twitter:data1\" content=\"admin\" \/>\n\t<meta name=\"twitter:label2\" content=\"Tahmini okuma s\u00fcresi\" \/>\n\t<meta name=\"twitter:data2\" content=\"11 dakika\" \/>\n<script type=\"application\/ld+json\" class=\"yoast-schema-graph\">{\"@context\":\"https:\/\/schema.org\",\"@graph\":[{\"@type\":\"WebPage\",\"@id\":\"https:\/\/celikavukatlik.com\/tr\/is-akdinin-isci-ve-isveren-tarafindan-feshi\/\",\"url\":\"https:\/\/celikavukatlik.com\/tr\/is-akdinin-isci-ve-isveren-tarafindan-feshi\/\",\"name\":\"\u0130\u015f Akdinin \u0130\u015f\u00e7i ve \u0130\u015fveren Taraf\u0131ndan Feshi - \u00c7elik Avukatl\u0131k\",\"isPartOf\":{\"@id\":\"https:\/\/celikavukatlik.com\/#website\"},\"primaryImageOfPage\":{\"@id\":\"https:\/\/celikavukatlik.com\/tr\/is-akdinin-isci-ve-isveren-tarafindan-feshi\/#primaryimage\"},\"image\":{\"@id\":\"https:\/\/celikavukatlik.com\/tr\/is-akdinin-isci-ve-isveren-tarafindan-feshi\/#primaryimage\"},\"thumbnailUrl\":\"\",\"datePublished\":\"2018-04-20T12:11:31+00:00\",\"dateModified\":\"2018-04-20T12:11:31+00:00\",\"author\":{\"@id\":\"https:\/\/celikavukatlik.com\/#\/schema\/person\/23046b562652cbb6934aef5cc85430b6\"},\"description\":\"\u0130\u015f S\u00f6zle\u015fmesinin Feshi Nedir? \u0130\u015f s\u00f6zle\u015fmesi, her iki tarafa bor\u00e7 y\u00fckleyen bir s\u00f6zle\u015fme niteli\u011fini haizdir. Dolay\u0131s\u0131 ile i\u015f\u00e7i ve i\u015fveren aras\u0131nda yap\u0131lan\",\"inLanguage\":\"tr\",\"potentialAction\":[{\"@type\":\"ReadAction\",\"target\":[\"https:\/\/celikavukatlik.com\/tr\/is-akdinin-isci-ve-isveren-tarafindan-feshi\/\"]}]},{\"@type\":\"ImageObject\",\"inLanguage\":\"tr\",\"@id\":\"https:\/\/celikavukatlik.com\/tr\/is-akdinin-isci-ve-isveren-tarafindan-feshi\/#primaryimage\",\"url\":\"\",\"contentUrl\":\"\"},{\"@type\":\"WebSite\",\"@id\":\"https:\/\/celikavukatlik.com\/#website\",\"url\":\"https:\/\/celikavukatlik.com\/\",\"name\":\"\u00c7elik Avukatl\u0131k\",\"description\":\"\",\"potentialAction\":[{\"@type\":\"SearchAction\",\"target\":{\"@type\":\"EntryPoint\",\"urlTemplate\":\"https:\/\/celikavukatlik.com\/?s={search_term_string}\"},\"query-input\":{\"@type\":\"PropertyValueSpecification\",\"valueRequired\":true,\"valueName\":\"search_term_string\"}}],\"inLanguage\":\"tr\"},{\"@type\":\"Person\",\"@id\":\"https:\/\/celikavukatlik.com\/#\/schema\/person\/23046b562652cbb6934aef5cc85430b6\",\"name\":\"admin\",\"image\":{\"@type\":\"ImageObject\",\"inLanguage\":\"tr\",\"@id\":\"https:\/\/celikavukatlik.com\/#\/schema\/person\/image\/\",\"url\":\"https:\/\/secure.gravatar.com\/avatar\/e20087e7ca30182a622897e0557cac9eb8b7273435c0130c75a2ad3bf2d5295f?s=96&d=mm&r=g\",\"contentUrl\":\"https:\/\/secure.gravatar.com\/avatar\/e20087e7ca30182a622897e0557cac9eb8b7273435c0130c75a2ad3bf2d5295f?s=96&d=mm&r=g\",\"caption\":\"admin\"},\"sameAs\":[\"https:\/\/celikavukatlik.com\"]}]}<\/script>\n<!-- \/ Yoast SEO plugin. -->","yoast_head_json":{"title":"\u0130\u015f Akdinin \u0130\u015f\u00e7i ve \u0130\u015fveren Taraf\u0131ndan Feshi - \u00c7elik Avukatl\u0131k","description":"\u0130\u015f S\u00f6zle\u015fmesinin Feshi Nedir? \u0130\u015f s\u00f6zle\u015fmesi, her iki tarafa bor\u00e7 y\u00fckleyen bir s\u00f6zle\u015fme niteli\u011fini haizdir. Dolay\u0131s\u0131 ile i\u015f\u00e7i ve i\u015fveren aras\u0131nda yap\u0131lan","robots":{"index":"index","follow":"follow","max-snippet":"max-snippet:-1","max-image-preview":"max-image-preview:large","max-video-preview":"max-video-preview:-1"},"og_locale":"tr_TR","og_type":"article","og_title":"\u0130\u015f Akdinin \u0130\u015f\u00e7i ve \u0130\u015fveren Taraf\u0131ndan Feshi - \u00c7elik Avukatl\u0131k","og_description":"\u0130\u015f S\u00f6zle\u015fmesinin Feshi Nedir? \u0130\u015f s\u00f6zle\u015fmesi, her iki tarafa bor\u00e7 y\u00fckleyen bir s\u00f6zle\u015fme niteli\u011fini haizdir. Dolay\u0131s\u0131 ile i\u015f\u00e7i ve i\u015fveren aras\u0131nda yap\u0131lan","og_url":"https:\/\/celikavukatlik.com\/tr\/is-akdinin-isci-ve-isveren-tarafindan-feshi\/","og_site_name":"\u00c7elik Avukatl\u0131k","article_published_time":"2018-04-20T12:11:31+00:00","author":"admin","twitter_card":"summary_large_image","twitter_misc":{"Yazan:":"admin","Tahmini okuma s\u00fcresi":"11 dakika"},"schema":{"@context":"https:\/\/schema.org","@graph":[{"@type":"WebPage","@id":"https:\/\/celikavukatlik.com\/tr\/is-akdinin-isci-ve-isveren-tarafindan-feshi\/","url":"https:\/\/celikavukatlik.com\/tr\/is-akdinin-isci-ve-isveren-tarafindan-feshi\/","name":"\u0130\u015f Akdinin \u0130\u015f\u00e7i ve \u0130\u015fveren Taraf\u0131ndan Feshi - \u00c7elik Avukatl\u0131k","isPartOf":{"@id":"https:\/\/celikavukatlik.com\/#website"},"primaryImageOfPage":{"@id":"https:\/\/celikavukatlik.com\/tr\/is-akdinin-isci-ve-isveren-tarafindan-feshi\/#primaryimage"},"image":{"@id":"https:\/\/celikavukatlik.com\/tr\/is-akdinin-isci-ve-isveren-tarafindan-feshi\/#primaryimage"},"thumbnailUrl":"","datePublished":"2018-04-20T12:11:31+00:00","dateModified":"2018-04-20T12:11:31+00:00","author":{"@id":"https:\/\/celikavukatlik.com\/#\/schema\/person\/23046b562652cbb6934aef5cc85430b6"},"description":"\u0130\u015f S\u00f6zle\u015fmesinin Feshi Nedir? \u0130\u015f s\u00f6zle\u015fmesi, her iki tarafa bor\u00e7 y\u00fckleyen bir s\u00f6zle\u015fme niteli\u011fini haizdir. Dolay\u0131s\u0131 ile i\u015f\u00e7i ve i\u015fveren aras\u0131nda yap\u0131lan","inLanguage":"tr","potentialAction":[{"@type":"ReadAction","target":["https:\/\/celikavukatlik.com\/tr\/is-akdinin-isci-ve-isveren-tarafindan-feshi\/"]}]},{"@type":"ImageObject","inLanguage":"tr","@id":"https:\/\/celikavukatlik.com\/tr\/is-akdinin-isci-ve-isveren-tarafindan-feshi\/#primaryimage","url":"","contentUrl":""},{"@type":"WebSite","@id":"https:\/\/celikavukatlik.com\/#website","url":"https:\/\/celikavukatlik.com\/","name":"\u00c7elik Avukatl\u0131k","description":"","potentialAction":[{"@type":"SearchAction","target":{"@type":"EntryPoint","urlTemplate":"https:\/\/celikavukatlik.com\/?s={search_term_string}"},"query-input":{"@type":"PropertyValueSpecification","valueRequired":true,"valueName":"search_term_string"}}],"inLanguage":"tr"},{"@type":"Person","@id":"https:\/\/celikavukatlik.com\/#\/schema\/person\/23046b562652cbb6934aef5cc85430b6","name":"admin","image":{"@type":"ImageObject","inLanguage":"tr","@id":"https:\/\/celikavukatlik.com\/#\/schema\/person\/image\/","url":"https:\/\/secure.gravatar.com\/avatar\/e20087e7ca30182a622897e0557cac9eb8b7273435c0130c75a2ad3bf2d5295f?s=96&d=mm&r=g","contentUrl":"https:\/\/secure.gravatar.com\/avatar\/e20087e7ca30182a622897e0557cac9eb8b7273435c0130c75a2ad3bf2d5295f?s=96&d=mm&r=g","caption":"admin"},"sameAs":["https:\/\/celikavukatlik.com"]}]}},"_links":{"self":[{"href":"https:\/\/celikavukatlik.com\/tr\/wp-json\/wp\/v2\/posts\/5727","targetHints":{"allow":["GET"]}}],"collection":[{"href":"https:\/\/celikavukatlik.com\/tr\/wp-json\/wp\/v2\/posts"}],"about":[{"href":"https:\/\/celikavukatlik.com\/tr\/wp-json\/wp\/v2\/types\/post"}],"author":[{"embeddable":true,"href":"https:\/\/celikavukatlik.com\/tr\/wp-json\/wp\/v2\/users\/1"}],"replies":[{"embeddable":true,"href":"https:\/\/celikavukatlik.com\/tr\/wp-json\/wp\/v2\/comments?post=5727"}],"version-history":[{"count":0,"href":"https:\/\/celikavukatlik.com\/tr\/wp-json\/wp\/v2\/posts\/5727\/revisions"}],"wp:featuredmedia":[{"embeddable":true,"href":"https:\/\/celikavukatlik.com\/tr\/wp-json\/"}],"wp:attachment":[{"href":"https:\/\/celikavukatlik.com\/tr\/wp-json\/wp\/v2\/media?parent=5727"}],"wp:term":[{"taxonomy":"category","embeddable":true,"href":"https:\/\/celikavukatlik.com\/tr\/wp-json\/wp\/v2\/categories?post=5727"},{"taxonomy":"post_tag","embeddable":true,"href":"https:\/\/celikavukatlik.com\/tr\/wp-json\/wp\/v2\/tags?post=5727"}],"curies":[{"name":"wp","href":"https:\/\/api.w.org\/{rel}","templated":true}]}}