{"id":5857,"date":"2018-08-12T09:54:45","date_gmt":"2018-08-12T06:54:45","guid":{"rendered":"https:\/\/www.celikavukatlik.com.tr\/?p=5857"},"modified":"2018-08-12T09:54:45","modified_gmt":"2018-08-12T06:54:45","slug":"yas-duzeltme-kucultme-ve-buyutme-davasi","status":"publish","type":"post","link":"https:\/\/celikavukatlik.com\/tr\/yas-duzeltme-kucultme-ve-buyutme-davasi\/","title":{"rendered":"Ya\u015f D\u00fczeltme, K\u00fc\u00e7\u00fcltme ve B\u00fcy\u00fctme Davas\u0131"},"content":{"rendered":"Ya\u015f D\u00fczeltme, K\u00fc\u00e7\u00fcltme ve B\u00fcy\u00fctme Davas\u0131 Konusunda ayr\u0131nt\u0131l\u0131 bilgi verelim.konuya ili\u015fkin g\u00f6revli yetkili mahkeme ve bu davay\u0131 kimler a\u00e7abilece\u011fine ili\u015fkin de\u011ferlendirmeler yapal\u0131m.\n<h2><strong>Ya\u015f B\u00fcy\u00fctme Davas\u0131nda Mahkemenin \u015eartlar\u0131 Nelerdir?<\/strong><\/h2>\n<!--more-->\n\n<span style=\"font-weight: 400;\">Ya\u015f b\u00fcy\u00fctme davas\u0131nda hukukumuz s\u0131k\u0131 \u015fartlar \u00f6ne s\u00fcrm\u00fc\u015ft\u00fcr.<\/span><span style=\"font-weight: 400;\">\u0130lk olarak hastane de veya do\u011fum evinde do\u011fmam\u0131\u015f olmas\u0131 gerekir.<\/span><span style=\"font-weight: 400;\">\u0130kinci olarak de\u011fi\u015ftirilmek istenen ya\u015f d\u0131\u015f g\u00f6r\u00fcn\u00fc\u015f\u00fcne uygun olmal\u0131d\u0131r.<\/span><span style=\"font-weight: 400;\">Son aranan \u015fart ise de\u011fi\u015ftirilmek istenen ya\u015fta bir karde\u015fin olmamas\u0131 gerekir.<\/span>\n\n<span style=\"font-weight: 400;\">Bu aranan \u015fartlar\u0131n gerek\u00e7eleri ise hastane veya do\u011fum evinde do\u011fmam\u0131\u015f olma gerek\u00e7esi yaz\u0131l\u0131 bir belgenin varl\u0131\u011f\u0131nda davan\u0131n reddine karar verilir.<\/span><span style=\"font-weight: 400;\">De\u011fi\u015ftirilmek istenen ya\u015f\u0131n d\u0131\u015f g\u00f6r\u00fcn\u00fc\u015fe uygun olmas\u0131 abes bir g\u00f6r\u00fcn\u00fcm olmas\u0131n\u0131 engellemek amac\u0131yla d\u00fczenlenmi\u015ftir.<\/span><span style=\"font-weight: 400;\">Ger\u00e7ek ya\u015f\u0131ndan 1 2 ya\u015f d\u00fczeltmelerde sorun olmamaktad\u0131r.<\/span><span style=\"font-weight: 400;\">Karde\u015f hususuna gelirsek dava bu durumda reddedilecektir.<\/span><span style=\"font-weight: 400;\">\u00c7\u00fcnk\u00fc biyolojik olarak imkans\u0131z oldu\u011funda de\u011fi\u015ftirilmek istenen ya\u015fta olmas\u0131 imkans\u0131zd\u0131r. Bu da davan\u0131n reddedilmesini sa\u011flar.<\/span>\n<h2><strong>Ya\u015f D\u00fczeltme Davas\u0131 Nas\u0131l A\u00e7\u0131l\u0131r?<\/strong><\/h2>\n<span style=\"font-weight: 400;\">Ya\u015f d\u00fczeltme davalar\u0131 genellikle n\u00fcfusa yanl\u0131\u015f kaydedilmekten dolay\u0131 a\u00e7\u0131l\u0131r.<\/span><span style=\"font-weight: 400;\">Ya da erkeklerde asker sorununu kald\u0131rmak i\u00e7in a\u00e7\u0131l\u0131r.<\/span><span style=\"font-weight: 400;\">Sadece bu nedenlerle de\u011fil bir \u00e7ok sebepten \u00f6t\u00fcr\u00fc bu dava a\u00e7\u0131lmaktad\u0131r.<\/span>\n\n<span style=\"font-weight: 400;\">Ya\u015f de\u011fi\u015fikli\u011fi hususu n\u00fcfus kanununda d\u00fczenlenmi\u015ftir.<\/span><span style=\"font-weight: 400;\">Ya\u015f b\u00fcy\u00fcltme,k\u00fc\u00e7\u00fcltme ve d\u00fczeltme davas\u0131 asliye hukuk mahkemesinde a\u00e7\u0131l\u0131r.<\/span><span style=\"font-weight: 400;\">Bu davalarda ise davay\u0131 a\u00e7mak isteyen ki\u015finin oturdu\u011fu yer mahkemesidir.<\/span><span style=\"font-weight: 400;\">Ya\u015f d\u00fczeltme davas\u0131 yaln\u0131zca bir kere a\u00e7\u0131l\u0131r.<\/span>\n\n<span style=\"font-weight: 400;\">Ya\u015f d\u00fczeltme davas\u0131 uzman bir avukat yard\u0131m\u0131yla a\u00e7\u0131l\u0131r ve bu avukat davan\u0131n gerektirdi\u011fi prosed\u00fcrleri davac\u0131 i\u00e7in takip edip do\u011fru bir \u015fekilde uygular.<\/span>\n<h2><strong>Ya\u015f K\u00fc\u00e7\u00fcltme \u015eartlar\u0131 Nelerdir?<\/strong><\/h2>\n<span style=\"font-weight: 400;\">Ya\u015f k\u00fc\u00e7\u00fcltme davas\u0131nda en \u00f6nemli \u015fart tescil engelinin olmamas\u0131d\u0131r.<\/span><span style=\"font-weight: 400;\">Ya\u015f\u0131n\u0131 k\u00fc\u00e7\u00fcltmek isteyen ki\u015fi karde\u015fi varsa kendisiyle karde\u015fi aras\u0131nda en az 180 g\u00fcn ya\u015f fark\u0131 olmal\u0131d\u0131r.<\/span><span style=\"font-weight: 400;\">Herhangi bir devlet hastanesinden kemik grafi\u011fi \u00e7ekilmesi ve buna dayal\u0131 hastane raporunun olmas\u0131 zorunlu bir kurald\u0131r.<\/span><span style=\"font-weight: 400;\">Son olarak tan\u0131k beyan\u0131na gerek vard\u0131r.Bu beyanla mahkeme m\u00fcspet karar verir.<\/span>\n<h2>Ya\u015f D\u00fczeltme ,B\u00fcy\u00fctme Ve K\u00fc\u00e7\u00fcltme Davalar\u0131nda Gerekli Belgeler<\/h2>\n<span style=\"font-weight: 400;\">Ya\u015f d\u00fczeltme,b\u00fcy\u00fctme ve k\u00fc\u00e7\u00fcltme davalar\u0131nda gerekli olan belgeler n\u00fcfus kayd\u0131,sab\u0131ka kayd\u0131 ve hastane do\u011fum tutana\u011f\u0131d\u0131r.<\/span><span style=\"font-weight: 400;\">Bu belgelerin olmamas\u0131 durumunda bu dava a\u00e7\u0131lamamaktad\u0131r.<\/span>\n<h2><strong>Ya\u015f D\u00fczeltme ,B\u00fcy\u00fcltme Ve K\u00fc\u00e7\u00fcltme Davas\u0131 G\u00f6r\u00fclme Usul\u00fc<\/strong><\/h2>\n<span style=\"font-weight: 400;\">Bu davan\u0131n g\u00f6r\u00fclme usul\u00fcnde ,ya\u015f de\u011fi\u015fikli\u011fini yapmak isteyen ki\u015finin aranan \u015fartlar\u0131 yerine getirip getirmedi\u011fine bak\u0131lmas\u0131d\u0131r.<\/span><span style=\"font-weight: 400;\">\u015eartlar\u0131n yerine getirilmesi durumunda bir avukata vekaletname \u00e7\u0131kar\u0131lmas\u0131.<\/span><span style=\"font-weight: 400;\">Mahkemenin bildirdi\u011fi iki tan\u0131kla birlikte davan\u0131n a\u00e7\u0131lmas\u0131.<\/span><span style=\"font-weight: 400;\">Davan\u0131n a\u00e7\u0131laca\u011f\u0131 g\u00fcn duru\u015fma g\u00fcn\u00fc tan\u0131klar\u0131n beyanlar\u0131n\u0131n ve mevcut delillerin olmas\u0131yla mahkemenin ya\u015f de\u011fi\u015fikli\u011fine karar vermesi.<\/span><span style=\"font-weight: 400;\">Gerek\u00e7eli karar\u0131n yaz\u0131lmas\u0131.<\/span><span style=\"font-weight: 400;\">Mahkeme taraf\u0131ndan verilen karar\u0131n mahalli bir gazetede ilan edilmesi.<\/span><span style=\"font-weight: 400;\">Son olarak ta karar\u0131n kesinle\u015fmesi.<\/span><span style=\"font-weight: 400;\">Ya\u015f de\u011fi\u015ftirme davas\u0131 bu \u015feklide ilerler. Ve bu s\u00fcre 2 ile 4 ay aras\u0131nda ilerler.<\/span><span style=\"font-weight: 400;\">Bu s\u00fcre mahkemenin yo\u011funlu\u011funa g\u00f6re de de\u011fi\u015febilmektedir.<\/span>\n<h2><strong>Ya\u015f B\u00fcy\u00fcltmede Askerli\u011fin Durumu <\/strong><\/h2>\n<span style=\"font-weight: 400;\">Ya\u015f b\u00fcy\u00fctme davas\u0131 genellikle askerlik sorununu ortadan kald\u0131rmak i\u00e7in a\u00e7\u0131l\u0131yor.<\/span><span style=\"font-weight: 400;\">Lakin ya\u015f b\u00fcy\u00fctme davas\u0131n\u0131n a\u00e7\u0131lmas\u0131 ve b\u00fcy\u00fct\u00fclmesi durumunda bile bedelli askerlikten yararlan\u0131lam\u0131yor.<\/span><span style=\"font-weight: 400;\">Yani bedelli askerlik s\u0131n\u0131r\u0131 28 ya\u015f olarak hesaplanm\u0131\u015ft\u0131r. Ya\u015f\u0131 26 olan bir ki\u015finin mahkeme yoluyla ya\u015f\u0131n\u0131 28e b\u00fcy\u00fctmesi durumunda bile bedelli askerlikten yararlanamamaktad\u0131r.<\/span>\n<h2><strong>Ya\u015f D\u00fczeltme Davas\u0131n\u0131 Kimler A\u00e7abilir?<\/strong><\/h2>\n<span style=\"font-weight: 400;\">Ya\u015f d\u00fczeltme davas\u0131n\u0131 t\u00fcrk\u00fcye cumhuriyetinde kay\u0131tl\u0131 olan her vatanda\u015f a\u00e7abilir.<\/span><span style=\"font-weight: 400;\">Re\u015fit olmayan ki\u015filer i\u00e7in veli veya vasileri bu davay\u0131 a\u00e7abilirler.<\/span>\n<h2><strong>Ya\u015f B\u00fcy\u00fctme Davas\u0131 Ne Kadar S\u00fcrer?<\/strong><\/h2>\n<span style=\"font-weight: 400;\">Ya\u015f b\u00fcy\u00fctme davas\u0131 2-4 ay s\u00fcrmektedir. <\/span><span style=\"font-weight: 400;\">Lakin mahkemenin yo\u011funlu\u011funa g\u00f6re bu s\u00fcre de\u011fi\u015febilir.<\/span><span style=\"font-weight: 400;\">E\u011fer ki mahkeme kemik tespiti isterse dosyan\u0131n adli t\u0131pa g\u00f6nderilip incelenmesinden dolay\u0131 bu s\u00fcre uzayabilir.<\/span>\n<h3><strong>Ya\u015f D\u00fczeltmelerinde G\u00f6revli Ve Yetkili Mahkeme <\/strong><\/h3>\n<span style=\"font-weight: 400;\">N\u00fcfus kay\u0131tlar\u0131nda ki yanl\u0131\u015flar\u0131n giderilmesi i\u00e7in a\u00e7\u0131lan ya\u015f d\u00fczeltme davalar\u0131nda davay\u0131 a\u00e7acak ki\u015filer ile ilgili resmi dairenin g\u00f6sterece\u011fi l\u00fczum \u00fczerine cumhuriyet savc\u0131lar\u0131 taraf\u0131ndan ya\u015fad\u0131\u011f\u0131 adresinin bulundu\u011fu yerdeki g\u00f6revli asliye hukuk mahkemesinde a\u00e7\u0131l\u0131r.<\/span><span style=\"font-weight: 400;\">Yani ya\u015f d\u00fczeltme davalar\u0131, genel itibariyle davac\u0131n\u0131n ya\u015fad\u0131\u011f\u0131 yerdeki g\u00f6revli bulunan asliye hukuk mahkemesinde a\u00e7\u0131l\u0131r.<\/span>","protected":false},"excerpt":{"rendered":"Ya\u015f D\u00fczeltme, K\u00fc\u00e7\u00fcltme ve B\u00fcy\u00fctme Davas\u0131 Konusunda ayr\u0131nt\u0131l\u0131 bilgi verelim.konuya ili\u015fkin g\u00f6revli yetkili mahkeme ve bu davay\u0131 kimler a\u00e7abilece\u011fine ili\u015fkin de\u011ferlendirmeler yapal\u0131m. Ya\u015f B\u00fcy\u00fctme Davas\u0131nda Mahkemenin \u015eartlar\u0131 Nelerdir?","protected":false},"author":1,"featured_media":4068,"comment_status":"open","ping_status":"open","sticky":false,"template":"","format":"standard","meta":{"footnotes":""},"categories":[21],"tags":[],"class_list":["post-5857","post","type-post","status-publish","format-standard","has-post-thumbnail","hentry","category-ozel-hukuk"],"yoast_head":"<!-- This site is optimized with the Yoast SEO plugin v24.3 - https:\/\/yoast.com\/wordpress\/plugins\/seo\/ -->\n<title>Ya\u015f D\u00fczeltme, K\u00fc\u00e7\u00fcltme ve B\u00fcy\u00fctme Davas\u0131 - \u00c7elik Avukatl\u0131k<\/title>\n<meta name=\"description\" content=\"Ya\u015f D\u00fczeltme, K\u00fc\u00e7\u00fcltme ve B\u00fcy\u00fctme Davas\u0131 Konusunda ayr\u0131nt\u0131l\u0131 bilgi verelim.konuya ili\u015fkin g\u00f6revli yetkili mahkeme ve bu davay\u0131 kimler a\u00e7abilece\u011fine Ya\u015f D\u00fczeltme, K\u00fc\u00e7\u00fcltme ve B\u00fcy\u00fctme Davas\u0131 Konusunda ayr\u0131nt\u0131l\u0131 bilgi verelim.konuya ili\u015fkin g\u00f6revli yetkili mahkeme ve bu davay\u0131 kimler a\u00e7abilece\u011fine ili\u015fkin\" \/>\n<meta name=\"robots\" content=\"index, follow, max-snippet:-1, max-image-preview:large, max-video-preview:-1\" \/>\n<meta property=\"og:locale\" content=\"tr_TR\" \/>\n<meta property=\"og:type\" content=\"article\" \/>\n<meta property=\"og:title\" content=\"Ya\u015f D\u00fczeltme, K\u00fc\u00e7\u00fcltme ve B\u00fcy\u00fctme Davas\u0131 - \u00c7elik Avukatl\u0131k\" \/>\n<meta property=\"og:description\" content=\"Ya\u015f D\u00fczeltme, K\u00fc\u00e7\u00fcltme ve B\u00fcy\u00fctme Davas\u0131 Konusunda ayr\u0131nt\u0131l\u0131 bilgi verelim.konuya ili\u015fkin g\u00f6revli yetkili mahkeme ve bu davay\u0131 kimler a\u00e7abilece\u011fine Ya\u015f D\u00fczeltme, K\u00fc\u00e7\u00fcltme ve B\u00fcy\u00fctme Davas\u0131 Konusunda ayr\u0131nt\u0131l\u0131 bilgi verelim.konuya ili\u015fkin g\u00f6revli yetkili mahkeme ve bu davay\u0131 kimler a\u00e7abilece\u011fine ili\u015fkin\" \/>\n<meta property=\"og:url\" content=\"https:\/\/celikavukatlik.com\/tr\/yas-duzeltme-kucultme-ve-buyutme-davasi\/\" \/>\n<meta property=\"og:site_name\" content=\"\u00c7elik Avukatl\u0131k\" \/>\n<meta property=\"article:published_time\" content=\"2018-08-12T06:54:45+00:00\" \/>\n<meta name=\"author\" content=\"admin\" \/>\n<meta name=\"twitter:card\" content=\"summary_large_image\" \/>\n<meta name=\"twitter:label1\" content=\"Yazan:\" \/>\n\t<meta name=\"twitter:data1\" content=\"admin\" \/>\n\t<meta name=\"twitter:label2\" content=\"Tahmini okuma s\u00fcresi\" \/>\n\t<meta name=\"twitter:data2\" content=\"4 dakika\" \/>\n<script type=\"application\/ld+json\" class=\"yoast-schema-graph\">{\"@context\":\"https:\/\/schema.org\",\"@graph\":[{\"@type\":\"WebPage\",\"@id\":\"https:\/\/celikavukatlik.com\/tr\/yas-duzeltme-kucultme-ve-buyutme-davasi\/\",\"url\":\"https:\/\/celikavukatlik.com\/tr\/yas-duzeltme-kucultme-ve-buyutme-davasi\/\",\"name\":\"Ya\u015f D\u00fczeltme, K\u00fc\u00e7\u00fcltme ve B\u00fcy\u00fctme Davas\u0131 - \u00c7elik Avukatl\u0131k\",\"isPartOf\":{\"@id\":\"https:\/\/celikavukatlik.com\/#website\"},\"primaryImageOfPage\":{\"@id\":\"https:\/\/celikavukatlik.com\/tr\/yas-duzeltme-kucultme-ve-buyutme-davasi\/#primaryimage\"},\"image\":{\"@id\":\"https:\/\/celikavukatlik.com\/tr\/yas-duzeltme-kucultme-ve-buyutme-davasi\/#primaryimage\"},\"thumbnailUrl\":\"\",\"datePublished\":\"2018-08-12T06:54:45+00:00\",\"dateModified\":\"2018-08-12T06:54:45+00:00\",\"author\":{\"@id\":\"https:\/\/celikavukatlik.com\/#\/schema\/person\/23046b562652cbb6934aef5cc85430b6\"},\"description\":\"Ya\u015f D\u00fczeltme, K\u00fc\u00e7\u00fcltme ve B\u00fcy\u00fctme Davas\u0131 Konusunda ayr\u0131nt\u0131l\u0131 bilgi verelim.konuya ili\u015fkin g\u00f6revli yetkili mahkeme ve bu davay\u0131 kimler a\u00e7abilece\u011fine Ya\u015f D\u00fczeltme, K\u00fc\u00e7\u00fcltme ve B\u00fcy\u00fctme Davas\u0131 Konusunda ayr\u0131nt\u0131l\u0131 bilgi verelim.konuya ili\u015fkin g\u00f6revli yetkili mahkeme ve bu davay\u0131 kimler a\u00e7abilece\u011fine ili\u015fkin\",\"inLanguage\":\"tr\",\"potentialAction\":[{\"@type\":\"ReadAction\",\"target\":[\"https:\/\/celikavukatlik.com\/tr\/yas-duzeltme-kucultme-ve-buyutme-davasi\/\"]}]},{\"@type\":\"ImageObject\",\"inLanguage\":\"tr\",\"@id\":\"https:\/\/celikavukatlik.com\/tr\/yas-duzeltme-kucultme-ve-buyutme-davasi\/#primaryimage\",\"url\":\"\",\"contentUrl\":\"\"},{\"@type\":\"WebSite\",\"@id\":\"https:\/\/celikavukatlik.com\/#website\",\"url\":\"https:\/\/celikavukatlik.com\/\",\"name\":\"\u00c7elik Avukatl\u0131k\",\"description\":\"\",\"potentialAction\":[{\"@type\":\"SearchAction\",\"target\":{\"@type\":\"EntryPoint\",\"urlTemplate\":\"https:\/\/celikavukatlik.com\/?s={search_term_string}\"},\"query-input\":{\"@type\":\"PropertyValueSpecification\",\"valueRequired\":true,\"valueName\":\"search_term_string\"}}],\"inLanguage\":\"tr\"},{\"@type\":\"Person\",\"@id\":\"https:\/\/celikavukatlik.com\/#\/schema\/person\/23046b562652cbb6934aef5cc85430b6\",\"name\":\"admin\",\"image\":{\"@type\":\"ImageObject\",\"inLanguage\":\"tr\",\"@id\":\"https:\/\/celikavukatlik.com\/#\/schema\/person\/image\/\",\"url\":\"https:\/\/secure.gravatar.com\/avatar\/e20087e7ca30182a622897e0557cac9eb8b7273435c0130c75a2ad3bf2d5295f?s=96&d=mm&r=g\",\"contentUrl\":\"https:\/\/secure.gravatar.com\/avatar\/e20087e7ca30182a622897e0557cac9eb8b7273435c0130c75a2ad3bf2d5295f?s=96&d=mm&r=g\",\"caption\":\"admin\"},\"sameAs\":[\"https:\/\/celikavukatlik.com\"]}]}<\/script>\n<!-- \/ Yoast SEO plugin. -->","yoast_head_json":{"title":"Ya\u015f D\u00fczeltme, K\u00fc\u00e7\u00fcltme ve B\u00fcy\u00fctme Davas\u0131 - \u00c7elik Avukatl\u0131k","description":"Ya\u015f D\u00fczeltme, K\u00fc\u00e7\u00fcltme ve B\u00fcy\u00fctme Davas\u0131 Konusunda ayr\u0131nt\u0131l\u0131 bilgi verelim.konuya ili\u015fkin g\u00f6revli yetkili mahkeme ve bu davay\u0131 kimler a\u00e7abilece\u011fine Ya\u015f D\u00fczeltme, K\u00fc\u00e7\u00fcltme ve B\u00fcy\u00fctme Davas\u0131 Konusunda ayr\u0131nt\u0131l\u0131 bilgi verelim.konuya ili\u015fkin g\u00f6revli yetkili mahkeme ve bu davay\u0131 kimler a\u00e7abilece\u011fine ili\u015fkin","robots":{"index":"index","follow":"follow","max-snippet":"max-snippet:-1","max-image-preview":"max-image-preview:large","max-video-preview":"max-video-preview:-1"},"og_locale":"tr_TR","og_type":"article","og_title":"Ya\u015f D\u00fczeltme, K\u00fc\u00e7\u00fcltme ve B\u00fcy\u00fctme Davas\u0131 - \u00c7elik Avukatl\u0131k","og_description":"Ya\u015f D\u00fczeltme, K\u00fc\u00e7\u00fcltme ve B\u00fcy\u00fctme Davas\u0131 Konusunda ayr\u0131nt\u0131l\u0131 bilgi verelim.konuya ili\u015fkin g\u00f6revli yetkili mahkeme ve bu davay\u0131 kimler a\u00e7abilece\u011fine Ya\u015f D\u00fczeltme, K\u00fc\u00e7\u00fcltme ve B\u00fcy\u00fctme Davas\u0131 Konusunda ayr\u0131nt\u0131l\u0131 bilgi verelim.konuya ili\u015fkin g\u00f6revli yetkili mahkeme ve bu davay\u0131 kimler a\u00e7abilece\u011fine ili\u015fkin","og_url":"https:\/\/celikavukatlik.com\/tr\/yas-duzeltme-kucultme-ve-buyutme-davasi\/","og_site_name":"\u00c7elik Avukatl\u0131k","article_published_time":"2018-08-12T06:54:45+00:00","author":"admin","twitter_card":"summary_large_image","twitter_misc":{"Yazan:":"admin","Tahmini okuma s\u00fcresi":"4 dakika"},"schema":{"@context":"https:\/\/schema.org","@graph":[{"@type":"WebPage","@id":"https:\/\/celikavukatlik.com\/tr\/yas-duzeltme-kucultme-ve-buyutme-davasi\/","url":"https:\/\/celikavukatlik.com\/tr\/yas-duzeltme-kucultme-ve-buyutme-davasi\/","name":"Ya\u015f D\u00fczeltme, K\u00fc\u00e7\u00fcltme ve B\u00fcy\u00fctme Davas\u0131 - \u00c7elik Avukatl\u0131k","isPartOf":{"@id":"https:\/\/celikavukatlik.com\/#website"},"primaryImageOfPage":{"@id":"https:\/\/celikavukatlik.com\/tr\/yas-duzeltme-kucultme-ve-buyutme-davasi\/#primaryimage"},"image":{"@id":"https:\/\/celikavukatlik.com\/tr\/yas-duzeltme-kucultme-ve-buyutme-davasi\/#primaryimage"},"thumbnailUrl":"","datePublished":"2018-08-12T06:54:45+00:00","dateModified":"2018-08-12T06:54:45+00:00","author":{"@id":"https:\/\/celikavukatlik.com\/#\/schema\/person\/23046b562652cbb6934aef5cc85430b6"},"description":"Ya\u015f D\u00fczeltme, K\u00fc\u00e7\u00fcltme ve B\u00fcy\u00fctme Davas\u0131 Konusunda ayr\u0131nt\u0131l\u0131 bilgi verelim.konuya ili\u015fkin g\u00f6revli yetkili mahkeme ve bu davay\u0131 kimler a\u00e7abilece\u011fine Ya\u015f D\u00fczeltme, K\u00fc\u00e7\u00fcltme ve B\u00fcy\u00fctme Davas\u0131 Konusunda ayr\u0131nt\u0131l\u0131 bilgi verelim.konuya ili\u015fkin g\u00f6revli yetkili mahkeme ve bu davay\u0131 kimler a\u00e7abilece\u011fine ili\u015fkin","inLanguage":"tr","potentialAction":[{"@type":"ReadAction","target":["https:\/\/celikavukatlik.com\/tr\/yas-duzeltme-kucultme-ve-buyutme-davasi\/"]}]},{"@type":"ImageObject","inLanguage":"tr","@id":"https:\/\/celikavukatlik.com\/tr\/yas-duzeltme-kucultme-ve-buyutme-davasi\/#primaryimage","url":"","contentUrl":""},{"@type":"WebSite","@id":"https:\/\/celikavukatlik.com\/#website","url":"https:\/\/celikavukatlik.com\/","name":"\u00c7elik Avukatl\u0131k","description":"","potentialAction":[{"@type":"SearchAction","target":{"@type":"EntryPoint","urlTemplate":"https:\/\/celikavukatlik.com\/?s={search_term_string}"},"query-input":{"@type":"PropertyValueSpecification","valueRequired":true,"valueName":"search_term_string"}}],"inLanguage":"tr"},{"@type":"Person","@id":"https:\/\/celikavukatlik.com\/#\/schema\/person\/23046b562652cbb6934aef5cc85430b6","name":"admin","image":{"@type":"ImageObject","inLanguage":"tr","@id":"https:\/\/celikavukatlik.com\/#\/schema\/person\/image\/","url":"https:\/\/secure.gravatar.com\/avatar\/e20087e7ca30182a622897e0557cac9eb8b7273435c0130c75a2ad3bf2d5295f?s=96&d=mm&r=g","contentUrl":"https:\/\/secure.gravatar.com\/avatar\/e20087e7ca30182a622897e0557cac9eb8b7273435c0130c75a2ad3bf2d5295f?s=96&d=mm&r=g","caption":"admin"},"sameAs":["https:\/\/celikavukatlik.com"]}]}},"_links":{"self":[{"href":"https:\/\/celikavukatlik.com\/tr\/wp-json\/wp\/v2\/posts\/5857","targetHints":{"allow":["GET"]}}],"collection":[{"href":"https:\/\/celikavukatlik.com\/tr\/wp-json\/wp\/v2\/posts"}],"about":[{"href":"https:\/\/celikavukatlik.com\/tr\/wp-json\/wp\/v2\/types\/post"}],"author":[{"embeddable":true,"href":"https:\/\/celikavukatlik.com\/tr\/wp-json\/wp\/v2\/users\/1"}],"replies":[{"embeddable":true,"href":"https:\/\/celikavukatlik.com\/tr\/wp-json\/wp\/v2\/comments?post=5857"}],"version-history":[{"count":0,"href":"https:\/\/celikavukatlik.com\/tr\/wp-json\/wp\/v2\/posts\/5857\/revisions"}],"wp:featuredmedia":[{"embeddable":true,"href":"https:\/\/celikavukatlik.com\/tr\/wp-json\/"}],"wp:attachment":[{"href":"https:\/\/celikavukatlik.com\/tr\/wp-json\/wp\/v2\/media?parent=5857"}],"wp:term":[{"taxonomy":"category","embeddable":true,"href":"https:\/\/celikavukatlik.com\/tr\/wp-json\/wp\/v2\/categories?post=5857"},{"taxonomy":"post_tag","embeddable":true,"href":"https:\/\/celikavukatlik.com\/tr\/wp-json\/wp\/v2\/tags?post=5857"}],"curies":[{"name":"wp","href":"https:\/\/api.w.org\/{rel}","templated":true}]}}