{"id":7172,"date":"2020-11-04T11:02:55","date_gmt":"2020-11-04T08:02:55","guid":{"rendered":"https:\/\/www.celikavukatlik.com.tr\/?p=7172"},"modified":"2020-11-04T11:02:55","modified_gmt":"2020-11-04T08:02:55","slug":"miras-denklestirme-davasi","status":"publish","type":"post","link":"https:\/\/celikavukatlik.com\/tr\/miras-denklestirme-davasi\/","title":{"rendered":"Miras Denkle\u015ftirme Davas\u0131"},"content":{"rendered":"\n<figure class=\"wp-block-image\"><img decoding=\"async\" src=\"https:\/\/www.celikavukatlik.com.tr\/wp-content\/uploads\/2020\/11\/denkle\u015ftirme.png\" alt=\"\" class=\"wp-image-7173\"\/><\/figure>\n\n\n\n<p> Miras denkle\u015ftirme davas\u0131 yaln\u0131zca yasal miras\u00e7\u0131lar taraf\u0131ndan yap\u0131labilen ve T\u00fcrk Medeni Kanununda 669-675.maddeler aras\u0131nda d\u00fczenlenmi\u015ftir. Yasal miras\u00e7\u0131lar, miras b\u0131rakandan paylar\u0131na kar\u015f\u0131l\u0131k elde edilen sa\u011flararas\u0131 kar\u015f\u0131l\u0131ks\u0131z olan kazand\u0131rmalar denkle\u015ftirmeyi sa\u011flamak maksad\u0131yla terekeye geri vermekle birbirlerine kar\u015f\u0131 y\u00fck\u00fcml\u00fcd\u00fcrler. <\/p>\n\n\n\n<p>Madde devam\u0131nda T\u00fcrk Medeni Kanunu 669\/2 \u2018\u2019 Mirasb\u0131rakan\u0131n\n\u00e7eyiz veya kurulu\u015f sermayesi vermek ya da bir malvarl\u0131\u011f\u0131n\u0131 devretmek veya\nbor\u00e7tan kurtarmak ve benzerleri gibi kar\u015f\u0131l\u0131k almaks\u0131z\u0131n altsoyuna yapm\u0131\u015f\noldu\u011fu kazand\u0131rmalar, aksi mirasb\u0131rakan taraf\u0131ndan a\u00e7\u0131k\u00e7a belirtilmi\u015f\nolmad\u0131k\u00e7a, denkle\u015ftirmeye t\u00e2bidir.\u2019\u2019 Demektedir. Buna g\u00f6re altsoya yap\u0131lan\nkar\u015f\u0131l\u0131ks\u0131z kazand\u0131rmalar aksi belirlenmediyse denkle\u015ftirilecektir.<\/p>\n\n\n\n<p><strong>Miras Denkle\u015ftirme\nDavas\u0131 \u00d6zellikleri<br>\n<\/strong>Miras denkle\u015ftirme davas\u0131nda dava konusu t\u00fcm kazand\u0131rmalar sadece\nmirasb\u0131rakan\u0131n hayatta oldu\u011fu d\u00f6nemdekilerle sabittir. <\/p>\n\n\n\n<p>\u015eayet denkle\u015ftirme davas\u0131na konu bir kazand\u0131rma varsa\nb\u00fct\u00fcn\u00fcyle mirasa iade olur. <\/p>\n\n\n\n<p>Sadece yasal miras\u00e7\u0131lar denkle\u015ftirme davas\u0131 talebinde\nbulunabilecektir. Atanm\u0131\u015f miras\u00e7\u0131lar denkle\u015ftirme davas\u0131 taraf\u0131 olamazlar.<\/p>\n\n\n\n<p>Altsoy haricindeki mevcut yasal miras\u00e7\u0131lar bak\u0131m\u0131ndan\nkazand\u0131rmalara ancak miras hissesine say\u0131lmak \u00fczere yap\u0131lm\u0131\u015f ise denkle\u015ftirmeye\ntabi olabilecektir. <\/p>\n\n\n\n<p><strong>Miras Denkle\u015ftirme\nDavas\u0131nda Miras\u00e7\u0131l\u0131k Vasf\u0131n\u0131n Kayb\u0131 <br>\n<\/strong>T\u00fcrk Medeni Kanununda 670.maddede d\u00fczenlenen bu h\u00fckme g\u00f6re miras\u00e7\u0131l\u0131k\ns\u0131fat\u0131n\u0131 kaybeden miras\u00e7\u0131ya ait geri verme y\u00fck\u00fcml\u00fcl\u00fc\u011f\u00fc onun yerini alan\nmiras\u00e7\u0131lara, miras paylar\u0131ndaki art\u0131\u015f oran\u0131nda yans\u0131ma olacakt\u0131r. <\/p>\n\n\n\n<p><strong>Miras Denkle\u015ftirme\nDavas\u0131nda Sa\u011f Kalan E\u015fin Durumu:<br>\n<\/strong>T\u00fcrk Medeni Kanununda ilgili h\u00fck\u00fcmlerde sa\u011f kalan e\u015fin denkle\u015ftirmeye g\u00f6re\ndurumu \u00f6zel olarak de\u011ferlendirilmemi\u015ftir. Sa\u011f kalan e\u015fe yap\u0131lan \u00f6zel\nkazand\u0131rmalar bak\u0131m\u0131ndan de\u011ferlendirmeler ancak miras pay\u0131na mahsuben yap\u0131ld\u0131\nise denkle\u015ftirme davas\u0131nda konu olabilecektir. Hukukumuzda tart\u0131\u015fmal\u0131 olmakla\nbirlikte sa\u011f kalan e\u015fin alt soya kar\u015f\u0131 denkle\u015ftirme alacakl\u0131s\u0131 olup\nolamayaca\u011f\u0131na Yarg\u0131tay stat\u00fc bak\u0131m\u0131ndan farkl\u0131l\u0131k oldu\u011fu kanaati getirmi\u015ftir.\n\u015e\u00f6yle ki iradi \u015fekilde denkle\u015ftirme yap\u0131lacak olan alt soy kar\u015f\u0131s\u0131nda sa\u011f kalan\ne\u015fin denkle\u015ftirme alacakl\u0131 olmas\u0131 kabul edilemeyecektir. Alt soya kar\u015f\u0131 yap\u0131lan\nbir kazan\u0131m denkle\u015ftirme davas\u0131na konu olabilecek iken ayn\u0131 t\u00fcrden kazand\u0131rma\nsa\u011f kalan e\u015fe y\u00f6nelik olsayd\u0131 kendili\u011finden denkle\u015ftirilemeyecektir.<br>\n<br>\n<\/p>\n\n\n\n<p><strong>Miras Denkle\u015ftirme\nDavas\u0131nda Geri Verme \u015eekli:<br>\n<\/strong>Miras Denkle\u015ftirme Davas\u0131nda Geri Verme veya Mahsup ba\u015fl\u0131\u011f\u0131 alt\u0131nda\nd\u00fczenlenen bu d\u00fczenlemeye g\u00f6re geri vermekle y\u00fck\u00fcml\u00fc olan miras\u00e7\u0131 taraf\ndiledi\u011fi takdirde ald\u0131\u011f\u0131n\u0131 aynen verebilir. Aynen geri vermemesi halinde\npay\u0131ndan fazla olsa bile de\u011ferini miras pay\u0131na mahsup ettirebilir. Miras\npay\u0131n\u0131n \u00fcst\u00fc olan yani miras pay\u0131n\u0131 a\u015fan kazand\u0131rmalarda yap\u0131lan kazand\u0131rma\nmiras pay\u0131n\u0131 a\u015ft\u0131\u011f\u0131 takdirde miras\u00e7\u0131, miras b\u0131rakan\u0131n bunu kendisine b\u0131rakmak\nistedi\u011fini ispat ederse, bu fazla olan k\u0131s\u0131m denkle\u015ftirmeye tabi olmaz. Di\u011fer\nmiras\u00e7\u0131lar\u0131n tenkis haklar\u0131 da bu durumda sakl\u0131 olacakt\u0131r. <\/p>\n\n\n\n<p>Denkle\u015ftirme de\u011ferinin tespiti denkle\u015ftirme an\u0131ndaki de\u011fere\ng\u00f6re belirlenir. <\/p>\n\n\n\n<p><strong>Miras Denkle\u015ftirme\nDavas\u0131nda E\u011fitim ve \u00d6\u011fretim Giderleri:<br>\n<\/strong>Miras denkle\u015ftirme davas\u0131nda e\u011fitim ve \u00f6\u011fretim giderleri \u00e7ocuklar\u0131n e\u011fitim\nve \u00f6\u011frenimi i\u00e7in yap\u0131lan giderler sebebiyle geri verme y\u00fck\u00fcml\u00fcl\u00fc\u011f\u00fc, miras\nb\u0131rakan\u0131n aksini istedi\u011fi ispatlanmad\u0131k\u00e7a ancak al\u0131\u015f\u0131lm\u0131\u015f \u00f6l\u00e7\u00fcleri a\u015fan k\u0131s\u0131m\ni\u00e7in mevcuttur. E\u011fitim ve \u00f6\u011frenimini tamamlamam\u0131\u015f olan veya engellili\u011fi bulunan\n\u00e7ocuklara, payla\u015fmada hakkaniyete uygun bir \u00f6deme yap\u0131l\u0131r.<\/p>\n\n\n\n<p><strong>Miras Denkle\u015ftirme\nDavas\u0131nda Evlenme Giderleri:<br>\n<\/strong>T\u00fcrk Medeni Kanununda 675.maddesinde yer alan d\u00fczenlemeye g\u00f6re \u2018\u2019Ola\u011fan\nhediyeler ile evlenme s\u0131ras\u0131nda yap\u0131lan gelene\u011fe uygun giderler denkle\u015ftirmeye\nt\u00e2bi de\u011fildir.\u2019\u2019 Demektedir.<\/p>\n\n\n\n<p><strong>Miras Denkle\u015ftirme\nDavas\u0131nda Zamana\u015f\u0131m\u0131 S\u00fcreleri:<br>\n<\/strong>Miras denkle\u015ftirme davas\u0131nda zamana\u015f\u0131m\u0131 s\u00fcresi 10 y\u0131l olarak\nbelirlenmi\u015ftir. Bu s\u00fcrenin ge\u00e7mesinin ard\u0131ndan dava hakk\u0131 d\u00fc\u015fecektir. <\/p>\n\n\n\n<p><strong>Miras Denkle\u015ftirme\nDavas\u0131nda G\u00f6revli ve Yetkili Mahkeme:<br>\n<\/strong>Miras Denkle\u015ftirme davas\u0131nda HMK h\u00fck\u00fcmleri gere\u011fi Asliye Hukuk Mahkemeleri\ng\u00f6revlidir. Yetkili mahkeme bak\u0131m\u0131ndan ise yine HMK gere\u011fi \u00f6lenin son yerle\u015fim\nyeri yetkili mahkeme olarak kabul edilir.<\/p>\n","protected":false},"excerpt":{"rendered":"Miras denkle\u015ftirme davas\u0131 yaln\u0131zca yasal miras\u00e7\u0131lar taraf\u0131ndan yap\u0131labilen ve T\u00fcrk Medeni Kanununda 669-675.maddeler aras\u0131nda d\u00fczenlenmi\u015ftir. Yasal miras\u00e7\u0131lar, miras b\u0131rakandan paylar\u0131na kar\u015f\u0131l\u0131k elde edilen sa\u011flararas\u0131 kar\u015f\u0131l\u0131ks\u0131z olan kazand\u0131rmalar denkle\u015ftirmeyi sa\u011flamak maksad\u0131yla terekeye geri vermekle birbirlerine kar\u015f\u0131 y\u00fck\u00fcml\u00fcd\u00fcrler. Madde devam\u0131nda T\u00fcrk Medeni&#8230;","protected":false},"author":2,"featured_media":0,"comment_status":"open","ping_status":"open","sticky":false,"template":"","format":"standard","meta":{"footnotes":""},"categories":[25,26],"tags":[],"class_list":["post-7172","post","type-post","status-publish","format-standard","hentry","category-hukuki-makaleler","category-miras-hukuku"],"yoast_head":"<!-- This site is optimized with the Yoast SEO plugin v24.3 - https:\/\/yoast.com\/wordpress\/plugins\/seo\/ -->\n<title>Miras Denkle\u015ftirme Davas\u0131 - \u00c7elik Avukatl\u0131k<\/title>\n<meta name=\"description\" content=\"Miras denkle\u015ftirme davas\u0131 yaln\u0131zca yasal miras\u00e7\u0131lar taraf\u0131ndan yap\u0131labilen ve T\u00fcrk Medeni Kanununda 669-675.maddeler aras\u0131nda d\u00fczenlenmi\u015ftir. Yasal\" \/>\n<meta name=\"robots\" content=\"index, follow, max-snippet:-1, max-image-preview:large, max-video-preview:-1\" \/>\n<meta property=\"og:locale\" content=\"tr_TR\" \/>\n<meta property=\"og:type\" content=\"article\" \/>\n<meta property=\"og:title\" content=\"Miras Denkle\u015ftirme Davas\u0131 - \u00c7elik Avukatl\u0131k\" \/>\n<meta property=\"og:description\" content=\"Miras denkle\u015ftirme davas\u0131 yaln\u0131zca yasal miras\u00e7\u0131lar taraf\u0131ndan yap\u0131labilen ve T\u00fcrk Medeni Kanununda 669-675.maddeler aras\u0131nda d\u00fczenlenmi\u015ftir. Yasal\" \/>\n<meta property=\"og:url\" content=\"https:\/\/celikavukatlik.com\/tr\/miras-denklestirme-davasi\/\" \/>\n<meta property=\"og:site_name\" content=\"\u00c7elik Avukatl\u0131k\" \/>\n<meta property=\"article:published_time\" content=\"2020-11-04T08:02:55+00:00\" \/>\n<meta property=\"og:image\" content=\"https:\/\/www.celikavukatlik.com.tr\/wp-content\/uploads\/2020\/11\/denkle\u015ftirme.png\" \/>\n<meta name=\"author\" content=\"Orhun\" \/>\n<meta name=\"twitter:card\" content=\"summary_large_image\" \/>\n<meta name=\"twitter:label1\" content=\"Yazan:\" \/>\n\t<meta name=\"twitter:data1\" content=\"Orhun\" \/>\n\t<meta name=\"twitter:label2\" content=\"Tahmini okuma s\u00fcresi\" \/>\n\t<meta name=\"twitter:data2\" content=\"4 dakika\" \/>\n<script type=\"application\/ld+json\" class=\"yoast-schema-graph\">{\"@context\":\"https:\/\/schema.org\",\"@graph\":[{\"@type\":\"WebPage\",\"@id\":\"https:\/\/celikavukatlik.com\/tr\/miras-denklestirme-davasi\/\",\"url\":\"https:\/\/celikavukatlik.com\/tr\/miras-denklestirme-davasi\/\",\"name\":\"Miras Denkle\u015ftirme Davas\u0131 - \u00c7elik Avukatl\u0131k\",\"isPartOf\":{\"@id\":\"https:\/\/celikavukatlik.com\/#website\"},\"datePublished\":\"2020-11-04T08:02:55+00:00\",\"dateModified\":\"2020-11-04T08:02:55+00:00\",\"author\":{\"@id\":\"https:\/\/celikavukatlik.com\/#\/schema\/person\/d523e99a48623ccf64c03e1a62d3fc23\"},\"description\":\"Miras denkle\u015ftirme davas\u0131 yaln\u0131zca yasal miras\u00e7\u0131lar taraf\u0131ndan yap\u0131labilen ve T\u00fcrk Medeni Kanununda 669-675.maddeler aras\u0131nda d\u00fczenlenmi\u015ftir. Yasal\",\"inLanguage\":\"tr\",\"potentialAction\":[{\"@type\":\"ReadAction\",\"target\":[\"https:\/\/celikavukatlik.com\/tr\/miras-denklestirme-davasi\/\"]}]},{\"@type\":\"WebSite\",\"@id\":\"https:\/\/celikavukatlik.com\/#website\",\"url\":\"https:\/\/celikavukatlik.com\/\",\"name\":\"\u00c7elik Avukatl\u0131k\",\"description\":\"\",\"potentialAction\":[{\"@type\":\"SearchAction\",\"target\":{\"@type\":\"EntryPoint\",\"urlTemplate\":\"https:\/\/celikavukatlik.com\/?s={search_term_string}\"},\"query-input\":{\"@type\":\"PropertyValueSpecification\",\"valueRequired\":true,\"valueName\":\"search_term_string\"}}],\"inLanguage\":\"tr\"},{\"@type\":\"Person\",\"@id\":\"https:\/\/celikavukatlik.com\/#\/schema\/person\/d523e99a48623ccf64c03e1a62d3fc23\",\"name\":\"Orhun\",\"image\":{\"@type\":\"ImageObject\",\"inLanguage\":\"tr\",\"@id\":\"https:\/\/celikavukatlik.com\/#\/schema\/person\/image\/\",\"url\":\"https:\/\/secure.gravatar.com\/avatar\/?s=96&d=mm&r=g\",\"contentUrl\":\"https:\/\/secure.gravatar.com\/avatar\/?s=96&d=mm&r=g\",\"caption\":\"Orhun\"}}]}<\/script>\n<!-- \/ Yoast SEO plugin. -->","yoast_head_json":{"title":"Miras Denkle\u015ftirme Davas\u0131 - \u00c7elik Avukatl\u0131k","description":"Miras denkle\u015ftirme davas\u0131 yaln\u0131zca yasal miras\u00e7\u0131lar taraf\u0131ndan yap\u0131labilen ve T\u00fcrk Medeni Kanununda 669-675.maddeler aras\u0131nda d\u00fczenlenmi\u015ftir. Yasal","robots":{"index":"index","follow":"follow","max-snippet":"max-snippet:-1","max-image-preview":"max-image-preview:large","max-video-preview":"max-video-preview:-1"},"og_locale":"tr_TR","og_type":"article","og_title":"Miras Denkle\u015ftirme Davas\u0131 - \u00c7elik Avukatl\u0131k","og_description":"Miras denkle\u015ftirme davas\u0131 yaln\u0131zca yasal miras\u00e7\u0131lar taraf\u0131ndan yap\u0131labilen ve T\u00fcrk Medeni Kanununda 669-675.maddeler aras\u0131nda d\u00fczenlenmi\u015ftir. Yasal","og_url":"https:\/\/celikavukatlik.com\/tr\/miras-denklestirme-davasi\/","og_site_name":"\u00c7elik Avukatl\u0131k","article_published_time":"2020-11-04T08:02:55+00:00","og_image":[{"url":"https:\/\/www.celikavukatlik.com.tr\/wp-content\/uploads\/2020\/11\/denkle\u015ftirme.png","type":"","width":"","height":""}],"author":"Orhun","twitter_card":"summary_large_image","twitter_misc":{"Yazan:":"Orhun","Tahmini okuma s\u00fcresi":"4 dakika"},"schema":{"@context":"https:\/\/schema.org","@graph":[{"@type":"WebPage","@id":"https:\/\/celikavukatlik.com\/tr\/miras-denklestirme-davasi\/","url":"https:\/\/celikavukatlik.com\/tr\/miras-denklestirme-davasi\/","name":"Miras Denkle\u015ftirme Davas\u0131 - \u00c7elik Avukatl\u0131k","isPartOf":{"@id":"https:\/\/celikavukatlik.com\/#website"},"datePublished":"2020-11-04T08:02:55+00:00","dateModified":"2020-11-04T08:02:55+00:00","author":{"@id":"https:\/\/celikavukatlik.com\/#\/schema\/person\/d523e99a48623ccf64c03e1a62d3fc23"},"description":"Miras denkle\u015ftirme davas\u0131 yaln\u0131zca yasal miras\u00e7\u0131lar taraf\u0131ndan yap\u0131labilen ve T\u00fcrk Medeni Kanununda 669-675.maddeler aras\u0131nda d\u00fczenlenmi\u015ftir. Yasal","inLanguage":"tr","potentialAction":[{"@type":"ReadAction","target":["https:\/\/celikavukatlik.com\/tr\/miras-denklestirme-davasi\/"]}]},{"@type":"WebSite","@id":"https:\/\/celikavukatlik.com\/#website","url":"https:\/\/celikavukatlik.com\/","name":"\u00c7elik Avukatl\u0131k","description":"","potentialAction":[{"@type":"SearchAction","target":{"@type":"EntryPoint","urlTemplate":"https:\/\/celikavukatlik.com\/?s={search_term_string}"},"query-input":{"@type":"PropertyValueSpecification","valueRequired":true,"valueName":"search_term_string"}}],"inLanguage":"tr"},{"@type":"Person","@id":"https:\/\/celikavukatlik.com\/#\/schema\/person\/d523e99a48623ccf64c03e1a62d3fc23","name":"Orhun","image":{"@type":"ImageObject","inLanguage":"tr","@id":"https:\/\/celikavukatlik.com\/#\/schema\/person\/image\/","url":"https:\/\/secure.gravatar.com\/avatar\/?s=96&d=mm&r=g","contentUrl":"https:\/\/secure.gravatar.com\/avatar\/?s=96&d=mm&r=g","caption":"Orhun"}}]}},"_links":{"self":[{"href":"https:\/\/celikavukatlik.com\/tr\/wp-json\/wp\/v2\/posts\/7172","targetHints":{"allow":["GET"]}}],"collection":[{"href":"https:\/\/celikavukatlik.com\/tr\/wp-json\/wp\/v2\/posts"}],"about":[{"href":"https:\/\/celikavukatlik.com\/tr\/wp-json\/wp\/v2\/types\/post"}],"author":[{"embeddable":true,"href":"https:\/\/celikavukatlik.com\/tr\/wp-json\/wp\/v2\/users\/2"}],"replies":[{"embeddable":true,"href":"https:\/\/celikavukatlik.com\/tr\/wp-json\/wp\/v2\/comments?post=7172"}],"version-history":[{"count":0,"href":"https:\/\/celikavukatlik.com\/tr\/wp-json\/wp\/v2\/posts\/7172\/revisions"}],"wp:attachment":[{"href":"https:\/\/celikavukatlik.com\/tr\/wp-json\/wp\/v2\/media?parent=7172"}],"wp:term":[{"taxonomy":"category","embeddable":true,"href":"https:\/\/celikavukatlik.com\/tr\/wp-json\/wp\/v2\/categories?post=7172"},{"taxonomy":"post_tag","embeddable":true,"href":"https:\/\/celikavukatlik.com\/tr\/wp-json\/wp\/v2\/tags?post=7172"}],"curies":[{"name":"wp","href":"https:\/\/api.w.org\/{rel}","templated":true}]}}